{"id":8014,"date":"2024-02-03T18:02:27","date_gmt":"2024-02-03T17:02:27","guid":{"rendered":"https:\/\/www.paguswinetours.com\/?p=8014"},"modified":"2024-08-17T11:30:49","modified_gmt":"2024-08-17T09:30:49","slug":"carnevale-veronese-il","status":"publish","type":"post","link":"https:\/\/www.paguswinetours.com\/it\/blog\/carnevale-veronese-il\/","title":{"rendered":"Carnevale Veronese, il &#8220;Bacan\u00e0l del Gnoco&#8221;"},"content":{"rendered":"<p>Febbraio, e pi\u00f9 precisamente la settimana che precede l\u2019inizio della Quaresima, \u00e8 per Verona il mese in cui culminano le celebrazioni del\u00a0<strong>Carnevale<\/strong>. Si tratta di un vero e proprio Baccanale (il \u201c<em>Bacan\u00e0l del Gnoco<\/em>\u201d, appunto), ovvero una sfilata sfrenata in cui tutte le convenzioni sociali sono sovvertite, corredata da distribuzione di cibo alla popolazione. Si tratta di uno dei carnevali pi\u00f9 antichi d\u2019Europa, infatti le origini di questa tradizione risalgono al tardo medioevo, e se ne celebra quest\u2019anno la\u00a0<strong>494\u00b0 edizione<\/strong>.<\/p>\n<p>Questa usanza veronese ha presumibilmente origine da un evento storico: nel 1531, un anno caratterizzato da devastanti inondazioni, invasioni e carestia, il popolo assalt\u00f2 i fornai, e alcune delle persone pi\u00f9 abbienti della citt\u00e0 sedarono la rivolta dei poveri affamati offrendo viveri di prima necessit\u00e0, tra cui gli gnocchi. Questi eventi interessarono in particolare il quartiere di\u00a0<strong>San Zeno<\/strong>, dove ancora esiste una tavola in pietra (<em>pietra del Gnoco<\/em>), presso la quale avveniva la distribuzione di viveri ai poveri. \u00c8 tutt\u2019ora questo il fulcro del Carnevale veronese, che raggiunge il suo apice nell\u2019ultimo venerd\u00ec prima della Quaresima, il \u201c<strong><em>V\u00e8nardi Gnocol\u00e0r<\/em><\/strong>\u201d, proprio in ricordo di quel venerd\u00ec di rivolte nel 1531.<\/p>\n<p><a href=\"https:\/\/www.paguswinetours.com\/wp-content\/uploads\/247014036-398591001643033-5175064720686168441-n.jpg\"><img fetchpriority=\"high\" decoding=\"async\" class=\"aligncenter wp-image-8003\" src=\"https:\/\/www.paguswinetours.com\/wp-content\/uploads\/247014036-398591001643033-5175064720686168441-n.jpg\" alt=\"Carnevale_Verona\" width=\"400\" height=\"500\" srcset=\"https:\/\/www.paguswinetours.com\/wp-content\/uploads\/247014036-398591001643033-5175064720686168441-n.jpg 800w, https:\/\/www.paguswinetours.com\/wp-content\/uploads\/247014036-398591001643033-5175064720686168441-n-240x300.jpg 240w, https:\/\/www.paguswinetours.com\/wp-content\/uploads\/247014036-398591001643033-5175064720686168441-n-768x960.jpg 768w, https:\/\/www.paguswinetours.com\/wp-content\/uploads\/247014036-398591001643033-5175064720686168441-n-600x750.jpg 600w\" sizes=\"(max-width: 400px) 100vw, 400px\" \/><\/a><\/p>\n<p>Tra coloro che porsero al popolo le risorse per sfamarsi e che tramand\u00f2 questa tradizione menzionandola nel suo testamento, c\u2019era\u00a0<strong>Tommaso Da Vico<\/strong>, leggendario fondatore del Carnevale veronese, rievocato ogni anno nella celebre figura del\u00a0<a href=\"https:\/\/www.carnevaleverona.it\/papa-del-gnoco\/\" target=\"_blank\" rel=\"noopener\"><strong><em>Pap\u00e0 del Gnoco<\/em><\/strong><\/a>. Si tratta della\u00a0<strong>maschera principale del Carnevale di Verona\u00a0<\/strong>che viene rappresentata da un uomo anziano, rubicondo e dalla lunga barba bianca. \u00c8 vestito con un abito in broccato nocciola, uno stravagante copricapo con sonagli, un mantello rosso, dei guanti bianchi e porta a mo\u2019 di scettro una grande forchetta dorata in cui \u00e8 infilzato&#8230;un enorme gnocco di patata! Il\u00a0<em>Pap\u00e0 del Gnoco<\/em>\u00a0viene eletto tutti gli anni tra gli abitanti di Verona, a seguito di una accesissima campagna elettorale durante la quale i candidati mettono in atto la loro strategia senza esclusione di colpi. Il premio per il vincitore? Una generosa porzione di gnocchi, ovviamente!<\/p>\n<p>Per secoli, conformemente all\u2019avvicendarsi degli eventi storici, nel giorno di\u00a0<em>V\u00e8nardi Gnocol\u00e0r<\/em>\u00a0i Veronesi hanno sfilato lungo un percorso di circa 7 km tra le vie della citt\u00e0 al seguito del\u00a0<em>Pap\u00e0 del Gnoco<\/em>\u00a0e della sua corte, in un\u00a0<strong>festoso corteo<\/strong>\u00a0che con il tempo ha incluso anche carri allegorici (ogni anno \u00e8 una vera e propria competizione tra le contrade per realizzare il pi\u00f9 bello!) e gruppi folkloristici locali e internazionali. Ma l&#8217;attivit\u00e0 delle maschere non \u00e8 limitata ad un solo giorno di festa, si svolge anche nei mesi precedenti e successivi, con sfilate nei carnevali della provincia, partecipazioni ad eventi di beneficenza e visite in ospedali, scuole e ospizi.<\/p>\n<p><a href=\"https:\/\/www.paguswinetours.com\/wp-content\/uploads\/331882554-5963126953775740-8853149612716208402-n.jpg\"><img decoding=\"async\" class=\"aligncenter wp-image-8005\" src=\"https:\/\/www.paguswinetours.com\/wp-content\/uploads\/331882554-5963126953775740-8853149612716208402-n.jpg\" alt=\"carnevale Bacan\u00e0l del Gnoco\" width=\"400\" height=\"466\" srcset=\"https:\/\/www.paguswinetours.com\/wp-content\/uploads\/331882554-5963126953775740-8853149612716208402-n.jpg 800w, https:\/\/www.paguswinetours.com\/wp-content\/uploads\/331882554-5963126953775740-8853149612716208402-n-258x300.jpg 258w, https:\/\/www.paguswinetours.com\/wp-content\/uploads\/331882554-5963126953775740-8853149612716208402-n-768x894.jpg 768w, https:\/\/www.paguswinetours.com\/wp-content\/uploads\/331882554-5963126953775740-8853149612716208402-n-600x698.jpg 600w\" sizes=\"(max-width: 400px) 100vw, 400px\" \/><\/a><\/p>\n<h4 style=\"text-align: center\"><em>Non solo gnocchi per Carnevale<\/em><\/h4>\n<p>Si sa, ogni festa che si rispetti \u00e8 legata a prelibatezze locali, che contribuiscono a rendere questi momenti ancor pi\u00f9 memorabili. Il piatto carnevalesco per eccellenza a Verona sono ovviamente gli\u00a0<strong><em>gnocchi<\/em><\/strong>, che non sono per noi Veronesi solo una pietanza o una ricetta, bens\u00ec un\u00a0<strong>simbolo di abbondanza, di ritorno al benessere e di condivisione con gli altri.\u00a0<\/strong>L\u2019origine di questa specialit\u00e0 risale al Medioevo, quando era una pietanza molto diffusa che consisteva in un semplicissimo impasto di farina e acqua condito con burro e formaggio. Nel corso degli anni, grazie al crescente benessere, vennero aggiunte alla ricetta originale le uova all\u2019interno dell\u2019impasto e, dopo la scoperta dell\u2019America, anche le patate schiacciate. I\u00a0<strong>condimenti\u00a0<\/strong>pi\u00f9 diffusi per accompagnare gli gnocchi sono:\u00a0<strong>sugo di pomodoro, burro fuso e salvia, gorgonzola\u00a0<\/strong>oppure la<em>\u00a0<\/em><strong><em>pastissada de caval<\/em><\/strong><strong>,\u00a0<\/strong>il tradizionale stracotto di carne di cavallo tipico della cucina veronese (questo argomento meriterebbe un approfondimento a s\u00e9, magari in un prossimo articolo!).<\/p>\n<p><a href=\"https:\/\/www.paguswinetours.com\/wp-content\/uploads\/shutterstock-775838128-1.jpg\"><img decoding=\"async\" class=\"aligncenter wp-image-8007\" src=\"https:\/\/www.paguswinetours.com\/wp-content\/uploads\/shutterstock-775838128-1.jpg\" alt=\"Bacan\u00e0l del Gnoco\" width=\"400\" height=\"267\" srcset=\"https:\/\/www.paguswinetours.com\/wp-content\/uploads\/shutterstock-775838128-1.jpg 800w, https:\/\/www.paguswinetours.com\/wp-content\/uploads\/shutterstock-775838128-1-300x200.jpg 300w, https:\/\/www.paguswinetours.com\/wp-content\/uploads\/shutterstock-775838128-1-768x512.jpg 768w, https:\/\/www.paguswinetours.com\/wp-content\/uploads\/shutterstock-775838128-1-720x480.jpg 720w, https:\/\/www.paguswinetours.com\/wp-content\/uploads\/shutterstock-775838128-1-600x400.jpg 600w\" sizes=\"(max-width: 400px) 100vw, 400px\" \/><\/a><\/p>\n<p>Retaggio derivante dalla dominazione veneziana, ma benevolmente accolta ed inglobata nella tradizione carnevalesca veronese, \u00e8 la<strong><em>\u00a0frittella<\/em><\/strong>. La frittella nasce nella Repubblica di Venezia intorno al 1300 e si diffonde come simbolo del Carnevale in tutto il territorio del Veneto, compresa, ovviamente, la citt\u00e0 di Romeo e Giulietta.\u00a0La frittella tradizionale veneta \u00e8 preparata con i seguenti ingredienti: uova, farina, latte, uvetta sultanina, pinoli e zucchero, il tutto sapientemente mescolato e fritto in abbondante olio bollente. Al palato queste prelibatezze risulteranno\u00a0<strong>fragranti all\u2019esterno e morbidissime e scioglievoli all\u2019interno<\/strong>. Con il tempo la ricetta \u00e8 andata modificandosi, per andare incontro ai gusti di palati molto diversi; perci\u00f2, ora la si pu\u00f2 facilmente trovare farcita con crema pasticcera, mele, cioccolata e\u2026 chi pi\u00f9 ne ha pi\u00f9 ne metta!<\/p>\n<p><a href=\"https:\/\/www.paguswinetours.com\/wp-content\/uploads\/1000-f-11010720-1p3qesleg77iktiiqpfyszivlw8bp8th.jpg\"><img loading=\"lazy\" decoding=\"async\" class=\"aligncenter wp-image-7999\" src=\"https:\/\/www.paguswinetours.com\/wp-content\/uploads\/1000-f-11010720-1p3qesleg77iktiiqpfyszivlw8bp8th.jpg\" alt=\"Bacan\u00e0l del Gnoco\" width=\"400\" height=\"277\" srcset=\"https:\/\/www.paguswinetours.com\/wp-content\/uploads\/1000-f-11010720-1p3qesleg77iktiiqpfyszivlw8bp8th.jpg 800w, https:\/\/www.paguswinetours.com\/wp-content\/uploads\/1000-f-11010720-1p3qesleg77iktiiqpfyszivlw8bp8th-300x208.jpg 300w, https:\/\/www.paguswinetours.com\/wp-content\/uploads\/1000-f-11010720-1p3qesleg77iktiiqpfyszivlw8bp8th-768x532.jpg 768w, https:\/\/www.paguswinetours.com\/wp-content\/uploads\/1000-f-11010720-1p3qesleg77iktiiqpfyszivlw8bp8th-600x416.jpg 600w\" sizes=\"(max-width: 400px) 100vw, 400px\" \/><\/a><\/p>\n<p>Un altro dolce tipico del Carnevale veronese sono i\u00a0<strong><em>galani<\/em><\/strong><strong>\u00a0<\/strong>o<strong>\u00a0<\/strong><strong><em>sossole<\/em><\/strong>, conosciuti nelle altre regioni italiane anche con il nome di\u00a0<strong>chiacchere, crostoli, cenci, frappe\u2026<\/strong>\u00a0e tanti altri nomi a seconda della zona. Si tratta di strisce create da un impasto semplice composto da farina, uova, zucchero, burro e un po\u2019 di liquore a piacere, fritte e spolverate di zucchero. Il risultato \u00e8 quello di\u00a0<strong>un dolce croccante e molto friabile<\/strong>. Sar\u00e0 difficile fermarsi al primo assaggio!<\/p>\n<p><a href=\"https:\/\/www.paguswinetours.com\/wp-content\/uploads\/1000-f-30393275-hvrbguswjb8nk5rndwm5nbeirdqr0d88.jpg\"><img loading=\"lazy\" decoding=\"async\" class=\"aligncenter wp-image-8001\" src=\"https:\/\/www.paguswinetours.com\/wp-content\/uploads\/1000-f-30393275-hvrbguswjb8nk5rndwm5nbeirdqr0d88.jpg\" alt=\"Bacan\u00e0l del Gnoco\" width=\"400\" height=\"273\" srcset=\"https:\/\/www.paguswinetours.com\/wp-content\/uploads\/1000-f-30393275-hvrbguswjb8nk5rndwm5nbeirdqr0d88.jpg 800w, https:\/\/www.paguswinetours.com\/wp-content\/uploads\/1000-f-30393275-hvrbguswjb8nk5rndwm5nbeirdqr0d88-300x205.jpg 300w, https:\/\/www.paguswinetours.com\/wp-content\/uploads\/1000-f-30393275-hvrbguswjb8nk5rndwm5nbeirdqr0d88-768x524.jpg 768w, https:\/\/www.paguswinetours.com\/wp-content\/uploads\/1000-f-30393275-hvrbguswjb8nk5rndwm5nbeirdqr0d88-600x410.jpg 600w\" sizes=\"(max-width: 400px) 100vw, 400px\" \/><\/a><\/p>\n<p>Quest\u2019anno\u00a0<em>V\u00e8nardi Gnocol\u00e0r<\/em>\u00a0cade il\u00a0<strong>9 di Febbraio<\/strong>\u00a0e, se siete in zona \u00e8 davvero un evento da non perdere per gustare appieno lo spirito veronese! E per restare nello spirito giusto, perch\u00e9 non abbinarci anche una bella degustazione di vini del territorio?\u00a0<a href=\"\/it\/esperienze-degustazioni\/\" target=\"_blank\" rel=\"noopener\"><strong>Verifica le disponibilit\u00e0 sul nostro sito e parti con noi<\/strong><\/a>!<\/p>\n","protected":false},"excerpt":{"rendered":"<p>Febbraio, e pi\u00f9 precisamente la settimana che precede l\u2019inizio della Quaresima, \u00e8 per Verona il mese in cui culminano le celebrazioni del\u00a0Carnevale. Si tratta di un vero e proprio Baccanale (il \u201cBacan\u00e0l del Gnoco\u201d, appunto), ovvero una sfilata sfrenata in cui tutte le convenzioni sociali sono sovvertite, corredata da distribuzione di cibo alla popolazione. Si [&hellip;]<\/p>\n","protected":false},"author":1,"featured_media":7996,"comment_status":"open","ping_status":"closed","sticky":false,"template":"","format":"standard","meta":{"_acf_changed":false,"footnotes":""},"categories":[106],"tags":[107],"class_list":["post-8014","post","type-post","status-publish","format-standard","has-post-thumbnail","hentry","category-notizie","tag-carnevale"],"acf":[],"yoast_head":"<!-- This site is optimized with the Yoast SEO plugin v26.7 - https:\/\/yoast.com\/wordpress\/plugins\/seo\/ -->\n<title>Carnevale Veronese, il &quot;Bacan\u00e0l del Gnoco&quot; - Pagus Wine Tours<\/title>\n<meta name=\"description\" content=\"Scopri tradizioni, maschere e cibi del Carnevale Veronese e del suo &quot;Bacan\u00e0l del Gnoco&quot;! Una sfilata che mette la citt\u00e0 a soqquadro!\" \/>\n<meta name=\"robots\" content=\"index, follow, max-snippet:-1, max-image-preview:large, max-video-preview:-1\" \/>\n<link rel=\"canonical\" href=\"https:\/\/www.paguswinetours.com\/it\/blog\/carnevale-veronese-il\/\" \/>\n<meta property=\"og:locale\" content=\"it_IT\" \/>\n<meta property=\"og:type\" content=\"article\" \/>\n<meta property=\"og:title\" content=\"Carnevale Veronese, il &quot;Bacan\u00e0l del Gnoco&quot;\" \/>\n<meta property=\"og:description\" content=\"Scopri tradizioni, maschere e cibi del Carnevale Veronese e del suo &quot;Bacan\u00e0l del Gnoco&quot;! Una sfilata che mette la citt\u00e0 a soqquadro!\" \/>\n<meta property=\"og:url\" content=\"https:\/\/www.paguswinetours.com\/it\/blog\/carnevale-veronese-il\/\" \/>\n<meta property=\"og:site_name\" content=\"Pagus Wine Tours\" \/>\n<meta property=\"article:publisher\" content=\"https:\/\/www.facebook.com\/paguswinetours\/\" \/>\n<meta property=\"article:published_time\" content=\"2024-02-03T17:02:27+00:00\" \/>\n<meta property=\"article:modified_time\" content=\"2024-08-17T09:30:49+00:00\" \/>\n<meta property=\"og:image\" content=\"https:\/\/www.paguswinetours.com\/wp-content\/uploads\/247014036-398591001643033-5175064720686168441-n.jpg\" \/>\n\t<meta property=\"og:image:width\" content=\"800\" \/>\n\t<meta property=\"og:image:height\" content=\"1000\" \/>\n\t<meta property=\"og:image:type\" content=\"image\/jpeg\" \/>\n<meta name=\"author\" content=\"admin\" \/>\n<meta name=\"twitter:card\" content=\"summary_large_image\" \/>\n<meta name=\"twitter:label1\" content=\"Scritto da\" \/>\n\t<meta name=\"twitter:data1\" content=\"admin\" \/>\n\t<meta name=\"twitter:label2\" content=\"Tempo di lettura stimato\" \/>\n\t<meta name=\"twitter:data2\" content=\"6 minuti\" \/>\n<script type=\"application\/ld+json\" class=\"yoast-schema-graph\">{\"@context\":\"https:\/\/schema.org\",\"@graph\":[{\"@type\":\"Article\",\"@id\":\"https:\/\/www.paguswinetours.com\/it\/blog\/carnevale-veronese-il\/#article\",\"isPartOf\":{\"@id\":\"https:\/\/www.paguswinetours.com\/it\/blog\/carnevale-veronese-il\/\"},\"author\":{\"name\":\"admin\",\"@id\":\"https:\/\/www.paguswinetours.com\/it\/#\/schema\/person\/7dd11e7b9d73be40cab5b26c1f64118e\"},\"headline\":\"Carnevale Veronese, il &#8220;Bacan\u00e0l del Gnoco&#8221;\",\"datePublished\":\"2024-02-03T17:02:27+00:00\",\"dateModified\":\"2024-08-17T09:30:49+00:00\",\"mainEntityOfPage\":{\"@id\":\"https:\/\/www.paguswinetours.com\/it\/blog\/carnevale-veronese-il\/\"},\"wordCount\":880,\"commentCount\":0,\"publisher\":{\"@id\":\"https:\/\/www.paguswinetours.com\/it\/#organization\"},\"image\":{\"@id\":\"https:\/\/www.paguswinetours.com\/it\/blog\/carnevale-veronese-il\/#primaryimage\"},\"thumbnailUrl\":\"https:\/\/www.paguswinetours.com\/wp-content\/uploads\/52460481-386055638614588-6738344669272354571-n.jpg\",\"keywords\":[\"Carnevale\"],\"articleSection\":[\"Notizie\"],\"inLanguage\":\"it-IT\",\"potentialAction\":[{\"@type\":\"CommentAction\",\"name\":\"Comment\",\"target\":[\"https:\/\/www.paguswinetours.com\/it\/blog\/carnevale-veronese-il\/#respond\"]}]},{\"@type\":\"WebPage\",\"@id\":\"https:\/\/www.paguswinetours.com\/it\/blog\/carnevale-veronese-il\/\",\"url\":\"https:\/\/www.paguswinetours.com\/it\/blog\/carnevale-veronese-il\/\",\"name\":\"Carnevale Veronese, il \\\"Bacan\u00e0l del Gnoco\\\" - Pagus Wine Tours\",\"isPartOf\":{\"@id\":\"https:\/\/www.paguswinetours.com\/it\/#website\"},\"primaryImageOfPage\":{\"@id\":\"https:\/\/www.paguswinetours.com\/it\/blog\/carnevale-veronese-il\/#primaryimage\"},\"image\":{\"@id\":\"https:\/\/www.paguswinetours.com\/it\/blog\/carnevale-veronese-il\/#primaryimage\"},\"thumbnailUrl\":\"https:\/\/www.paguswinetours.com\/wp-content\/uploads\/52460481-386055638614588-6738344669272354571-n.jpg\",\"datePublished\":\"2024-02-03T17:02:27+00:00\",\"dateModified\":\"2024-08-17T09:30:49+00:00\",\"description\":\"Scopri tradizioni, maschere e cibi del Carnevale Veronese e del suo \\\"Bacan\u00e0l del Gnoco\\\"! Una sfilata che mette la citt\u00e0 a soqquadro!\",\"breadcrumb\":{\"@id\":\"https:\/\/www.paguswinetours.com\/it\/blog\/carnevale-veronese-il\/#breadcrumb\"},\"inLanguage\":\"it-IT\",\"potentialAction\":[{\"@type\":\"ReadAction\",\"target\":[\"https:\/\/www.paguswinetours.com\/it\/blog\/carnevale-veronese-il\/\"]}]},{\"@type\":\"ImageObject\",\"inLanguage\":\"it-IT\",\"@id\":\"https:\/\/www.paguswinetours.com\/it\/blog\/carnevale-veronese-il\/#primaryimage\",\"url\":\"https:\/\/www.paguswinetours.com\/wp-content\/uploads\/52460481-386055638614588-6738344669272354571-n.jpg\",\"contentUrl\":\"https:\/\/www.paguswinetours.com\/wp-content\/uploads\/52460481-386055638614588-6738344669272354571-n.jpg\",\"width\":1024,\"height\":848,\"caption\":\"Carnevale Bacan\u00e0l del Gnoco\"},{\"@type\":\"BreadcrumbList\",\"@id\":\"https:\/\/www.paguswinetours.com\/it\/blog\/carnevale-veronese-il\/#breadcrumb\",\"itemListElement\":[{\"@type\":\"ListItem\",\"position\":1,\"name\":\"Home\",\"item\":\"https:\/\/www.paguswinetours.com\/it\/\"},{\"@type\":\"ListItem\",\"position\":2,\"name\":\"Carnevale Veronese, il &#8220;Bacan\u00e0l del Gnoco&#8221;\"}]},{\"@type\":\"WebSite\",\"@id\":\"https:\/\/www.paguswinetours.com\/it\/#website\",\"url\":\"https:\/\/www.paguswinetours.com\/it\/\",\"name\":\"Pagus Wine Tours\",\"description\":\"\",\"publisher\":{\"@id\":\"https:\/\/www.paguswinetours.com\/it\/#organization\"},\"potentialAction\":[{\"@type\":\"SearchAction\",\"target\":{\"@type\":\"EntryPoint\",\"urlTemplate\":\"https:\/\/www.paguswinetours.com\/it\/?s={search_term_string}\"},\"query-input\":{\"@type\":\"PropertyValueSpecification\",\"valueRequired\":true,\"valueName\":\"search_term_string\"}}],\"inLanguage\":\"it-IT\"},{\"@type\":\"Organization\",\"@id\":\"https:\/\/www.paguswinetours.com\/it\/#organization\",\"name\":\"Pagus Wine Tours\",\"url\":\"https:\/\/www.paguswinetours.com\/it\/\",\"logo\":{\"@type\":\"ImageObject\",\"inLanguage\":\"it-IT\",\"@id\":\"https:\/\/www.paguswinetours.com\/it\/#\/schema\/logo\/image\/\",\"url\":\"https:\/\/www.paguswinetours.com\/wp-content\/uploads\/logo-2-1.png\",\"contentUrl\":\"https:\/\/www.paguswinetours.com\/wp-content\/uploads\/logo-2-1.png\",\"width\":1172,\"height\":364,\"caption\":\"Pagus Wine Tours\"},\"image\":{\"@id\":\"https:\/\/www.paguswinetours.com\/it\/#\/schema\/logo\/image\/\"},\"sameAs\":[\"https:\/\/www.facebook.com\/paguswinetours\/\",\"https:\/\/www.instagram.com\/paguswinetours\/\",\"https:\/\/www.youtube.com\/channel\/UCMuOOU3pfYQT2zysLFm2u8g\"]},{\"@type\":\"Person\",\"@id\":\"https:\/\/www.paguswinetours.com\/it\/#\/schema\/person\/7dd11e7b9d73be40cab5b26c1f64118e\",\"name\":\"admin\",\"image\":{\"@type\":\"ImageObject\",\"inLanguage\":\"it-IT\",\"@id\":\"https:\/\/www.paguswinetours.com\/it\/#\/schema\/person\/image\/\",\"url\":\"https:\/\/secure.gravatar.com\/avatar\/3f15b753981ce5669c2bea0646299bf0355b1eab0e0a43d52307f179504836ea?s=96&d=mm&r=g\",\"contentUrl\":\"https:\/\/secure.gravatar.com\/avatar\/3f15b753981ce5669c2bea0646299bf0355b1eab0e0a43d52307f179504836ea?s=96&d=mm&r=g\",\"caption\":\"admin\"},\"sameAs\":[\"https:\/\/www.paguswinetours.com\"]}]}<\/script>\n<!-- \/ Yoast SEO plugin. -->","yoast_head_json":{"title":"Carnevale Veronese, il \"Bacan\u00e0l del Gnoco\" - Pagus Wine Tours","description":"Scopri tradizioni, maschere e cibi del Carnevale Veronese e del suo \"Bacan\u00e0l del Gnoco\"! Una sfilata che mette la citt\u00e0 a soqquadro!","robots":{"index":"index","follow":"follow","max-snippet":"max-snippet:-1","max-image-preview":"max-image-preview:large","max-video-preview":"max-video-preview:-1"},"canonical":"https:\/\/www.paguswinetours.com\/it\/blog\/carnevale-veronese-il\/","og_locale":"it_IT","og_type":"article","og_title":"Carnevale Veronese, il \"Bacan\u00e0l del Gnoco\"","og_description":"Scopri tradizioni, maschere e cibi del Carnevale Veronese e del suo \"Bacan\u00e0l del Gnoco\"! Una sfilata che mette la citt\u00e0 a soqquadro!","og_url":"https:\/\/www.paguswinetours.com\/it\/blog\/carnevale-veronese-il\/","og_site_name":"Pagus Wine Tours","article_publisher":"https:\/\/www.facebook.com\/paguswinetours\/","article_published_time":"2024-02-03T17:02:27+00:00","article_modified_time":"2024-08-17T09:30:49+00:00","og_image":[{"width":800,"height":1000,"url":"https:\/\/www.paguswinetours.com\/wp-content\/uploads\/247014036-398591001643033-5175064720686168441-n.jpg","type":"image\/jpeg"}],"author":"admin","twitter_card":"summary_large_image","twitter_misc":{"Scritto da":"admin","Tempo di lettura stimato":"6 minuti"},"schema":{"@context":"https:\/\/schema.org","@graph":[{"@type":"Article","@id":"https:\/\/www.paguswinetours.com\/it\/blog\/carnevale-veronese-il\/#article","isPartOf":{"@id":"https:\/\/www.paguswinetours.com\/it\/blog\/carnevale-veronese-il\/"},"author":{"name":"admin","@id":"https:\/\/www.paguswinetours.com\/it\/#\/schema\/person\/7dd11e7b9d73be40cab5b26c1f64118e"},"headline":"Carnevale Veronese, il &#8220;Bacan\u00e0l del Gnoco&#8221;","datePublished":"2024-02-03T17:02:27+00:00","dateModified":"2024-08-17T09:30:49+00:00","mainEntityOfPage":{"@id":"https:\/\/www.paguswinetours.com\/it\/blog\/carnevale-veronese-il\/"},"wordCount":880,"commentCount":0,"publisher":{"@id":"https:\/\/www.paguswinetours.com\/it\/#organization"},"image":{"@id":"https:\/\/www.paguswinetours.com\/it\/blog\/carnevale-veronese-il\/#primaryimage"},"thumbnailUrl":"https:\/\/www.paguswinetours.com\/wp-content\/uploads\/52460481-386055638614588-6738344669272354571-n.jpg","keywords":["Carnevale"],"articleSection":["Notizie"],"inLanguage":"it-IT","potentialAction":[{"@type":"CommentAction","name":"Comment","target":["https:\/\/www.paguswinetours.com\/it\/blog\/carnevale-veronese-il\/#respond"]}]},{"@type":"WebPage","@id":"https:\/\/www.paguswinetours.com\/it\/blog\/carnevale-veronese-il\/","url":"https:\/\/www.paguswinetours.com\/it\/blog\/carnevale-veronese-il\/","name":"Carnevale Veronese, il \"Bacan\u00e0l del Gnoco\" - Pagus Wine Tours","isPartOf":{"@id":"https:\/\/www.paguswinetours.com\/it\/#website"},"primaryImageOfPage":{"@id":"https:\/\/www.paguswinetours.com\/it\/blog\/carnevale-veronese-il\/#primaryimage"},"image":{"@id":"https:\/\/www.paguswinetours.com\/it\/blog\/carnevale-veronese-il\/#primaryimage"},"thumbnailUrl":"https:\/\/www.paguswinetours.com\/wp-content\/uploads\/52460481-386055638614588-6738344669272354571-n.jpg","datePublished":"2024-02-03T17:02:27+00:00","dateModified":"2024-08-17T09:30:49+00:00","description":"Scopri tradizioni, maschere e cibi del Carnevale Veronese e del suo \"Bacan\u00e0l del Gnoco\"! Una sfilata che mette la citt\u00e0 a soqquadro!","breadcrumb":{"@id":"https:\/\/www.paguswinetours.com\/it\/blog\/carnevale-veronese-il\/#breadcrumb"},"inLanguage":"it-IT","potentialAction":[{"@type":"ReadAction","target":["https:\/\/www.paguswinetours.com\/it\/blog\/carnevale-veronese-il\/"]}]},{"@type":"ImageObject","inLanguage":"it-IT","@id":"https:\/\/www.paguswinetours.com\/it\/blog\/carnevale-veronese-il\/#primaryimage","url":"https:\/\/www.paguswinetours.com\/wp-content\/uploads\/52460481-386055638614588-6738344669272354571-n.jpg","contentUrl":"https:\/\/www.paguswinetours.com\/wp-content\/uploads\/52460481-386055638614588-6738344669272354571-n.jpg","width":1024,"height":848,"caption":"Carnevale Bacan\u00e0l del Gnoco"},{"@type":"BreadcrumbList","@id":"https:\/\/www.paguswinetours.com\/it\/blog\/carnevale-veronese-il\/#breadcrumb","itemListElement":[{"@type":"ListItem","position":1,"name":"Home","item":"https:\/\/www.paguswinetours.com\/it\/"},{"@type":"ListItem","position":2,"name":"Carnevale Veronese, il &#8220;Bacan\u00e0l del Gnoco&#8221;"}]},{"@type":"WebSite","@id":"https:\/\/www.paguswinetours.com\/it\/#website","url":"https:\/\/www.paguswinetours.com\/it\/","name":"Pagus Wine Tours","description":"","publisher":{"@id":"https:\/\/www.paguswinetours.com\/it\/#organization"},"potentialAction":[{"@type":"SearchAction","target":{"@type":"EntryPoint","urlTemplate":"https:\/\/www.paguswinetours.com\/it\/?s={search_term_string}"},"query-input":{"@type":"PropertyValueSpecification","valueRequired":true,"valueName":"search_term_string"}}],"inLanguage":"it-IT"},{"@type":"Organization","@id":"https:\/\/www.paguswinetours.com\/it\/#organization","name":"Pagus Wine Tours","url":"https:\/\/www.paguswinetours.com\/it\/","logo":{"@type":"ImageObject","inLanguage":"it-IT","@id":"https:\/\/www.paguswinetours.com\/it\/#\/schema\/logo\/image\/","url":"https:\/\/www.paguswinetours.com\/wp-content\/uploads\/logo-2-1.png","contentUrl":"https:\/\/www.paguswinetours.com\/wp-content\/uploads\/logo-2-1.png","width":1172,"height":364,"caption":"Pagus Wine Tours"},"image":{"@id":"https:\/\/www.paguswinetours.com\/it\/#\/schema\/logo\/image\/"},"sameAs":["https:\/\/www.facebook.com\/paguswinetours\/","https:\/\/www.instagram.com\/paguswinetours\/","https:\/\/www.youtube.com\/channel\/UCMuOOU3pfYQT2zysLFm2u8g"]},{"@type":"Person","@id":"https:\/\/www.paguswinetours.com\/it\/#\/schema\/person\/7dd11e7b9d73be40cab5b26c1f64118e","name":"admin","image":{"@type":"ImageObject","inLanguage":"it-IT","@id":"https:\/\/www.paguswinetours.com\/it\/#\/schema\/person\/image\/","url":"https:\/\/secure.gravatar.com\/avatar\/3f15b753981ce5669c2bea0646299bf0355b1eab0e0a43d52307f179504836ea?s=96&d=mm&r=g","contentUrl":"https:\/\/secure.gravatar.com\/avatar\/3f15b753981ce5669c2bea0646299bf0355b1eab0e0a43d52307f179504836ea?s=96&d=mm&r=g","caption":"admin"},"sameAs":["https:\/\/www.paguswinetours.com"]}]}},"_links":{"self":[{"href":"https:\/\/www.paguswinetours.com\/it\/wp-json\/wp\/v2\/posts\/8014","targetHints":{"allow":["GET"]}}],"collection":[{"href":"https:\/\/www.paguswinetours.com\/it\/wp-json\/wp\/v2\/posts"}],"about":[{"href":"https:\/\/www.paguswinetours.com\/it\/wp-json\/wp\/v2\/types\/post"}],"author":[{"embeddable":true,"href":"https:\/\/www.paguswinetours.com\/it\/wp-json\/wp\/v2\/users\/1"}],"replies":[{"embeddable":true,"href":"https:\/\/www.paguswinetours.com\/it\/wp-json\/wp\/v2\/comments?post=8014"}],"version-history":[{"count":8,"href":"https:\/\/www.paguswinetours.com\/it\/wp-json\/wp\/v2\/posts\/8014\/revisions"}],"predecessor-version":[{"id":11421,"href":"https:\/\/www.paguswinetours.com\/it\/wp-json\/wp\/v2\/posts\/8014\/revisions\/11421"}],"wp:featuredmedia":[{"embeddable":true,"href":"https:\/\/www.paguswinetours.com\/it\/wp-json\/wp\/v2\/media\/7996"}],"wp:attachment":[{"href":"https:\/\/www.paguswinetours.com\/it\/wp-json\/wp\/v2\/media?parent=8014"}],"wp:term":[{"taxonomy":"category","embeddable":true,"href":"https:\/\/www.paguswinetours.com\/it\/wp-json\/wp\/v2\/categories?post=8014"},{"taxonomy":"post_tag","embeddable":true,"href":"https:\/\/www.paguswinetours.com\/it\/wp-json\/wp\/v2\/tags?post=8014"}],"curies":[{"name":"wp","href":"https:\/\/api.w.org\/{rel}","templated":true}]}}