{"id":14672,"date":"2025-10-02T09:35:28","date_gmt":"2025-10-02T07:35:28","guid":{"rendered":"https:\/\/www.paguswinetours.com\/?p=14672"},"modified":"2025-10-02T09:35:28","modified_gmt":"2025-10-02T07:35:28","slug":"incontri-col-produttore-terre-di-pietra","status":"publish","type":"post","link":"https:\/\/www.paguswinetours.com\/it\/blog\/incontri-col-produttore-terre-di-pietra\/","title":{"rendered":"Incontri col produttore: Terre di Pietra"},"content":{"rendered":"<p><span style=\"font-weight: 400;\">Riprendiamo i nostri appuntamenti con i produttori, e questo mese andiamo alla scoperta dell\u2019azienda agricola <\/span><a href=\"https:\/\/www.terredipietra.it\/chi-siamo\/\" target=\"_blank\" rel=\"noopener\"><b>Terre di Pietra<\/b><\/a><span style=\"font-weight: 400;\">, a <\/span><b>Marcellise<\/b><span style=\"font-weight: 400;\">. Il progetto di Terre di Pietra \u00e8 nato dal sogno di <\/span><b>Laura<\/b><span style=\"font-weight: 400;\">, affiancata dal marito <\/span><b>Cristiano<\/b><span style=\"font-weight: 400;\">, che nel 2007 ha cominciato a produrre vino in un piccolo garage a Torbe, frazione di Negrar di Valpolicella. Nel 2011 la cantina \u00e8 stata spostata a Marcellise, e nello stesso anno \u00e8 cominciato il loro percorso nella produzione di <\/span><b>vini naturali<\/b><span style=\"font-weight: 400;\">. Nel 2017 Laura \u00e8 venuta tragicamente a mancare, e Cristiano ha coraggiosamente preso in mano il suo sogno facendolo proprio. In pochi anni \u00e8 stato in grado, assieme alle figlie <\/span><b>Anna<\/b><span style=\"font-weight: 400;\"> e <\/span><b>Alice<\/b><span style=\"font-weight: 400;\"> e a tante persone incontrate lungo il percorso, di creare una realt\u00e0 unica in Valpolicella, un <\/span><b>intreccio di esistenze diverse<\/b><span style=\"font-weight: 400;\"> che tramite la condivisione sono diventate una vera e propria famiglia allargata.<br \/>\n<\/span><span style=\"font-weight: 400;\">In un caldo luned\u00ec mattina di agosto siamo dunque andati a trovare Cristiano, che ci ha accolto con un rinfrescante bicchiere di kombucha, ovviamente prodotta nel loro laboratorio di fermentazione. Il vino non \u00e8 stato in questo caso il protagonista, il <\/span><i><span style=\"font-weight: 400;\">testo<\/span><\/i><span style=\"font-weight: 400;\"> dell\u2019incontro, ma piuttosto il <\/span><i><span style=\"font-weight: 400;\">con-testo<\/span><\/i><span style=\"font-weight: 400;\">, o <\/span><i><span style=\"font-weight: 400;\">pre-testo<\/span><\/i><span style=\"font-weight: 400;\">, per riflettere insieme su alcuni dei valori di Terre di Pietra, che \u00e8 evidentemente ormai diventata molto pi\u00f9 che una cantina: rifugio, casa, famiglia.<\/span><\/p>\n\n<p><i><span style=\"font-weight: 400;\">Cristiano, vorrei proporti qualche spunto di quelle che sono state le mie impressioni quando sono venuta qui per la prima volta, che comunque sono state confermate anche nelle visite successive. Ecco, la prima parola che ti propongo \u00e8 <\/span><\/i><b><i>COMUNITA\u2019<\/i><\/b><i><span style=\"font-weight: 400;\">, che credo sia un valore identitario della vostra realt\u00e0.<\/span><\/i><a href=\"https:\/\/www.paguswinetours.com\/wp-content\/uploads\/\/aperitivo-tdp_square-300x300.jpg\"><br \/>\n<\/a><\/p>\n<ul>\n<li style=\"font-weight: 400;\" aria-level=\"1\"><span style=\"font-weight: 400;\">S\u00ec, perch\u00e9 non \u00e8 una cosa che di prassi viene fatta nel mondo del vino, che \u00e8 generalmente un po\u2019 elitario. Chi fa vino pensa di essere molto in alto normalmente, mentre per noi \u00e8 diverso perch\u00e9 \u00e8 stato diverso il percorso di vita: il fatto di dover pensare anche a come ricostruire una famiglia ti fa vedere le cose in un&#8217;altra prospettiva. La comunit\u00e0 si \u00e8 creata e si sta creando perch\u00e9 abbiamo vissuto in passato un momento di chiusura, in cui avevamo bisogno di curare le ferite e di sistemare buona parte delle cose che stavamo affrontando, mentre poi \u00e8 subentrato un momento in cui volevamo di nuovo avere delle persone vicino. A questo punto sono arrivate proprio le persone giuste, che hanno condiviso con noi una buona parte del percorso, sapendo anche da che situazione partivamo, e non \u00e8 n\u00e9 scontato n\u00e9 facile. Tutte le persone che sono arrivate e rimaste, o anche arrivate per poi cambiare strada, non sono mai state nostre dipendenti, anche se \u00e8 chiaro che hanno una busta paga, ma sono entrate in un contesto particolare, e sono state disponibili a fare cose che non sono nella normalit\u00e0 di un rapporto di lavoro. Mi davano una mano in vigna la mattina per poi magari aiutare mia figlia piccola a fare i compiti al pomeriggio. Le mie figlie avevano bisogno di un riferimento femminile e lo hanno trovato anche nelle ragazze che sono qua. E\u2019 per questo che poi si \u00e8 creata questa comunit\u00e0, che \u00e8 anche un po\u2019 una famiglia allargata. Ed \u00e8 una cosa che viene coltivata anche grazie alle attivit\u00e0 che facciamo qua (il corso di uncinetto, gli aperitivi, il pane fatto in casa, etc.), ti tiene vivo il senso di comunit\u00e0. Ci sono state persone che sono arrivate per fare un corso e poi hanno capito che stavano bene qua e sono rimaste. Anche se viviamo ognuno a casa propria, facciamo tanta vita comunitaria, passiamo tanto tempo insieme. Sono arrivati tutti da situazioni e vissuti diversi, spesso in momenti di difficolt\u00e0, e qui hanno trovato un luogo dove guarire sia fisicamente che mentalmente. Quando ti trovi a condividere le difficolt\u00e0 diventa anche pi\u00f9 facile superarle. Ognuno ha avuto il suo percorso e qui ha trovato il suo posto, la sua dimensione.<\/span><span style=\"font-weight: 400;\"><br \/>\n<\/span><span style=\"font-weight: 400;\">Ogni venerd\u00ec pomeriggio facciamo qui il mercato contadino, e anche questo crea comunit\u00e0, perch\u00e9 sono persone che condividono la stessa idea di agricoltura, e che hanno trovato qua uno spazio che altrimenti non avrebbero avuto. Tanti di questi produttori sono aziende piccole, che non hanno un punto vendita o magari ce l\u2019hanno, ma lontano dalla citt\u00e0, e questa \u00e8 un\u2019occasione per loro per essere pi\u00f9 facilmente raggiungibili. Quindi anche grazie a questo la nostra comunit\u00e0 si \u00e8 ampliata, perch\u00e9 chi partecipa al mercato poi torna anche per le altre attivit\u00e0 che facciamo qua in cantina.<\/span><\/li>\n<\/ul>\n<p><i><span style=\"font-weight: 400;\">Infatti mi \u00e8 stato chiaro da subito il fatto che qui il fattore umano viene prima di tutto, e non \u00e8 per niente scontato in altre realt\u00e0.<\/span><\/i><span style=\"font-weight: 400;\">\u00a0<\/span><a href=\"https:\/\/www.paguswinetours.com\/wp-content\/uploads\/\/aperitivo-tdp_square-300x300.jpg\"><br \/>\n<\/a><\/p>\n<ul>\n<li style=\"font-weight: 400;\" aria-level=\"1\"><span style=\"font-weight: 400;\">Noi qui lavoriamo seguendo l\u2019etica della permacultura, i cui pilastri sono l\u2019etica per la terra, l\u2019etica per il futuro e l\u2019etica per le persone. Questa \u00e8 una cosa che coltiviamo molto, avendo instaurato questo meccanismo per cui ogni due o tre settimane ci troviamo tutti insieme per parlare, non solo di lavoro ma anche delle difficolt\u00e0 che si hanno nella vita, problemi e tante altre cose. Si condivide tutto perch\u00e9 condividere rende tutto un po\u2019 pi\u00f9 facile, e crea un legame forte. La permacultura da questo punto di vista ci sta aiutando moltissimo, perch\u00e9 facciamo vini naturali e lavoriamo con una certa etica in agricoltura: sarebbe un po\u2019 un controsenso se poi trattassimo le persone come dipendenti o anche peggio. Si \u00e8 creato questo rapporto molto particolare anche dal punto di vista economico, perch\u00e9 l\u2019azienda \u00e8 piccola e i ragazzi che sono qua sanno che io non posso andare oltre a una certa cifra, non ce lo possiamo permettere, quindi tutte le persone che sono qua hanno deciso di rinunciare a qualcosa pur di portare avanti un progetto insieme. Sono cose che non tutti consideriamo, ma quando trovi le persone che condividono i tuoi stessi ideali diventa pi\u00f9 facile anche capirsi, ed \u00e8 per questo che qui le decisioni vengono prese insieme. E\u2019 vero che io rispondo legalmente, per\u00f2 se c\u2019\u00e8 da fare una cosa non decido io: ci si trova, se ne parla, si discute e cos\u00ec partono i progetti. E i progetti qui sono meravigliosi perch\u00e9 grazie a conoscenze e amicizie riusciamo a recuperare tanti materiali e a dargli nuova vita, tutto quello che vedete qui \u00e8 fatto con materiali di recupero. Tutto questo contribuisce a creare questo senso di comunit\u00e0. Ad esempio, il forno non \u00e8 solo il forno di Terre di Pietra, \u00e8 il forno a legna che abbiamo costruito insieme. Insomma abbiamo una lista di lavori e progetti che probabilmente non realizzeremo mai, ma \u00e8 bello anche sognare ogni tanto.<\/span><span style=\"font-weight: 400;\"><br \/>\n<\/span><span style=\"font-weight: 400;\">Non \u00e8 facile trovarle queste situazioni, specialmente in Valpolicella, che \u00e8 ormai diventata terra da business, il denaro viene prima di tutto e spesso l\u2019aspetto umano viene messo da parte. Ci sono per fortuna delle oasi in cui questo aspetto viene ancora considerato in maniera forte, e se sei fortunato ad entrare in una di queste oasi poi ti rendi conto che stai bene. Noi ogni tanto scherziamo e ci prendiamo anche un po\u2019 in giro per il fatto che probabilmente siamo l\u2019unica cantina che non far\u00e0 mai soldi in Valpolicella, per\u00f2 a pensarci, alla fine cosa ci manca? Niente: abbiamo l&#8217;orto, produciamo quasi tutto quello che ci serve, ospitiamo il mercato del venerd\u00ec, respiriamo un bel senso di famiglia allargata per cui ci troviamo spesso anche extra-lavorativamente, insomma stiamo bene.<\/span><\/li>\n<\/ul>\n<p><i><span style=\"font-weight: 400;\">Penso che poi questo risalti particolarmente in un tipo di societ\u00e0 come la nostra, che tende ad isolare le persone piuttosto che aggregarle.<\/span><\/i><a href=\"https:\/\/www.paguswinetours.com\/wp-content\/uploads\/\/aperitivo-tdp_square-300x300.jpg\"><br \/>\n<\/a><\/p>\n<ul>\n<li style=\"font-weight: 400;\" aria-level=\"1\"><span style=\"font-weight: 400;\">Certo. Poi sai, quel senso di comunit\u00e0 l\u00ec ti aiuta. Adesso \u00e8 un annetto che per il mondo dei vini non \u00e8 facile, e ovviamente anche noi ne abbiamo risentito, ma non c\u2019\u00e8 stato nessuno che ha fatto un passo indietro. Ci siamo riuniti diverse volte a parlarne, e ogni volta qualcuno aveva un\u2019idea o una nuova proposta. Ad esempio quest\u2019anno abbiamo iniziato a proporre gli aperitivi in giardino, sembrava una cosetta da nulla e invece \u00e8 esplosa una bomba atomica, che ci sta aiutando tanto anche economicamente. E\u2019 stato inoltre un ulteriore modo per legare e rafforzare il rapporto che c\u2019\u00e8 tra noi. La sensazione che ho io \u00e8 che qui ognuno ha a cuore il progetto e cerca di trovare una soluzione insieme anche nei momenti di difficolt\u00e0.<\/span><\/li>\n<\/ul>\n<p><a href=\"https:\/\/www.paguswinetours.com\/wp-content\/uploads\/\/aperitivo-tdp_square-300x300.jpg\"><img fetchpriority=\"high\" decoding=\"async\" class=\"aligncenter size-medium wp-image-14665\" src=\"https:\/\/www.paguswinetours.com\/wp-content\/uploads\/\/aperitivo-tdp_square-300x300.jpg\" alt=\"\" width=\"300\" height=\"300\" srcset=\"https:\/\/www.paguswinetours.com\/wp-content\/uploads\/aperitivo-tdp_square-300x300.jpg 300w, https:\/\/www.paguswinetours.com\/wp-content\/uploads\/aperitivo-tdp_square-1024x1024.jpg 1024w, https:\/\/www.paguswinetours.com\/wp-content\/uploads\/aperitivo-tdp_square-150x150.jpg 150w, https:\/\/www.paguswinetours.com\/wp-content\/uploads\/aperitivo-tdp_square-768x768.jpg 768w, https:\/\/www.paguswinetours.com\/wp-content\/uploads\/aperitivo-tdp_square-1536x1536.jpg 1536w, https:\/\/www.paguswinetours.com\/wp-content\/uploads\/aperitivo-tdp_square-2048x2048.jpg 2048w, https:\/\/www.paguswinetours.com\/wp-content\/uploads\/aperitivo-tdp_square-600x600.jpg 600w, https:\/\/www.paguswinetours.com\/wp-content\/uploads\/aperitivo-tdp_square-100x100.jpg 100w, https:\/\/www.paguswinetours.com\/wp-content\/uploads\/aperitivo-tdp_square-460x460.jpg 460w\" sizes=\"(max-width: 300px) 100vw, 300px\" \/><\/a><\/p>\n<p><i><span style=\"font-weight: 400;\">Un\u2019altra riflessione che ti propongo invece \u00e8 quella sulla <\/span><\/i><b><i>LIBERTA\u2019<\/i><\/b><i><span style=\"font-weight: 400;\">. Libert\u00e0 perch\u00e9 voi andate per la vostra strada nonostante tutto. Qualcosa abbiamo forse gi\u00e0 anticipato parlando di comunit\u00e0, ma anche il fatto di essere usciti dalla Denominazione Valpolicella, o di produrre vini naturali ha senza dubbio sollevato molte critiche.<\/span><\/i><\/p>\n<ul>\n<li style=\"font-weight: 400;\" aria-level=\"1\"><span style=\"font-weight: 400;\">Assolutamente. Alcune sono critiche che sinceramente sono anche giuste, nel senso che purtroppo capita ancora che c\u2019\u00e8 chi interpreta il vino naturale come una cosa fatta senza criterio, esce quello che esce. C\u2019\u00e8 differenza tra fare vino naturale prendendosi cura delle cose e prendendosi del tempo per farlo bene, e farlo invece giustificando ogni difetto dicendo \u201c\u00e8 naturale\u201d, \u00e8 una scusa che non regge pi\u00f9. Sappiamo ormai tutti come si fa a fare un vino buono anche se naturale: ci vuole tanto tempo, tanta energia, tanta passione e tanta pulizia. Quindi alcune critiche sono fondate, mentre altre sono critiche sterili. In effetti fare vino naturale \u00e8 un concetto di libert\u00e0, se ti rende libero di aver fatto una scelta in cui tu credi. Poi non \u00e8 che questa scelta debba essere condivisa da tutti, e non sta scritto da nessuna parte che a tutti debba piacere il vino naturale. Ti rende libero perch\u00e9 non sei pi\u00f9 in un meccanismo che porta tutti nella stessa direzione. Quando noi abbiamo cominciato producevamo vino \u201cconvenzionale\u201d, seppur cercando di non intervenire in modo troppo pesante dal punto di vista enologico. Nel 2011 c\u2019\u00e8 stata invece la svolta perch\u00e9 abbiamo cominciato a produrre vini naturali, dando un\u2019impennata al percorso che Laura gi\u00e0 aveva intrapreso. I primi anni facevamo Valpolicella DOC, ma poi la Denominazione stessa si \u00e8 allontanata dal territorio, cambiando disciplinare. Questa \u00e8 stata dal mio punto di vista una scelta un po\u2019 folle nell\u2019ottica della tutela del territorio, \u00e8 stata una scelta soprattutto commerciale. Non \u00e8 poi obbligatorio condividere e sposare queste scelte, infatti io me ne sono allontanato. Considera poi che io nel 2018 venivo da un anno complicato (Laura \u00e8 mancata nel 2017), ho avuto problemi con la DOC perch\u00e9 il vino era scarico di colore (ma usando le uve autoctone \u00e8 normale, non danno tanto colore), insomma, mi sembrava di non avere nulla da perdere e ho deciso di uscire dalla Denominazione. Che poi, facciamo esattamente gli stessi vini di prima, ma non possiamo chiamarli Valpolicella. Quindi anche uscire dalla Denominazione in fondo ci ha resi pi\u00f9 liberi, possiamo fare vini anche con poco colore, non preoccupandoci delle richieste del mercato: abbiamo una piccola produzione, crediamo in quello che facciamo e non abbiamo paura di andare per la nostra strada.<\/span><\/li>\n<\/ul>\n<p><i><span style=\"font-weight: 400;\">Immagino per\u00f2 che dal punto di vista commerciale e delle vendite questa scelta non vi abbia agevolati\u2026<\/span><\/i><\/p>\n<ul>\n<li style=\"font-weight: 400;\" aria-level=\"1\"><span style=\"font-weight: 400;\">Ma sai che paradossalmente certe cose invece mi hanno aiutato? Perch\u00e9 alle fiere dei vini naturali, sapendo che venivamo dalla Valpolicella in tanti non volevano neanche assaggiare i nostri vini, perch\u00e9 c\u2019era l\u2019idea che i vini della Valpolicella fossero colorati, strutturati, potenti, morbidi, alcolici, etc. E queste caratteristiche vanno bene per una grande fetta di mercato, soprattutto estero, ma non per il mondo dei vini naturali. Chi fa vino naturale \u00e8 molto informato, e sa che usando le uve Corvina, Corvinone e Rondinella non hai colore, non hai potenza, non hai struttura, non hai corpo, perch\u00e9 sono uve leggere. Quindi non li assaggiavano perch\u00e9 pensavano fosse <\/span><i><span style=\"font-weight: 400;\">quella<\/span><\/i><span style=\"font-weight: 400;\"> Valpolicella, invece avendo tolto la denominazione siamo riusciti a fare assaggiare i nostri vini senza pregiudizi, facendo scoprire che c\u2019\u00e8 anche un\u2019altra Valpolicella oltre a quella dei grandi numeri. Quindi questo fatto ci ha permesso di andare meglio su alcuni mercati, mentre qualche cliente ovviamente l\u2019ho perso, ma non si pu\u00f2 certo correre dietro a tutti.<\/span><span style=\"font-weight: 400;\"><br \/>\n<\/span><span style=\"font-weight: 400;\">Il concetto di libert\u00e0 poi qui \u00e8 molto legato alle persone: io ho la fortuna di avere questa comunit\u00e0, ma \u00e8 qualcosa che sta in piedi perch\u00e9 ognuno \u00e8 libero di fare quello che sente. Tutti sanno che possono prendersi del tempo, nessuno mi manda mail per chiedere le ferie, semplicemente mi avvisano che non ci sono perch\u00e9 hanno altri impegni, e in qualche modo ci si organizza. In questo modo hanno tutti l\u2019opportunit\u00e0 di vivere altre esperienze e portare avanti altri progetti. Chi \u00e8 qua ha rinunciato economicamente a qualcosa (questa scelta l\u2019abbiamo fatta tutti), ma allo stesso tempo sa che se vuole prendersi cinque giorni per andare a fare un\u2019esperienza altrove, pu\u00f2 andare a farla senza problemi.<\/span><\/li>\n<\/ul>\n<p><a href=\"https:\/\/www.paguswinetours.com\/wp-content\/uploads\/\/469418408_18313272790164056_1311919908784079440_n-300x300.jpg\"><img decoding=\"async\" class=\"aligncenter size-medium wp-image-14667\" src=\"https:\/\/www.paguswinetours.com\/wp-content\/uploads\/\/469418408_18313272790164056_1311919908784079440_n-300x300.jpg\" alt=\"\" width=\"300\" height=\"300\" srcset=\"https:\/\/www.paguswinetours.com\/wp-content\/uploads\/469418408_18313272790164056_1311919908784079440_n-300x300.jpg 300w, https:\/\/www.paguswinetours.com\/wp-content\/uploads\/469418408_18313272790164056_1311919908784079440_n-1024x1024.jpg 1024w, https:\/\/www.paguswinetours.com\/wp-content\/uploads\/469418408_18313272790164056_1311919908784079440_n-150x150.jpg 150w, https:\/\/www.paguswinetours.com\/wp-content\/uploads\/469418408_18313272790164056_1311919908784079440_n-768x768.jpg 768w, https:\/\/www.paguswinetours.com\/wp-content\/uploads\/469418408_18313272790164056_1311919908784079440_n-600x600.jpg 600w, https:\/\/www.paguswinetours.com\/wp-content\/uploads\/469418408_18313272790164056_1311919908784079440_n-100x100.jpg 100w, https:\/\/www.paguswinetours.com\/wp-content\/uploads\/469418408_18313272790164056_1311919908784079440_n-460x460.jpg 460w, https:\/\/www.paguswinetours.com\/wp-content\/uploads\/469418408_18313272790164056_1311919908784079440_n.jpg 1440w\" sizes=\"(max-width: 300px) 100vw, 300px\" \/><\/a><\/p>\n<p><i><span style=\"font-weight: 400;\">Per finire vorrei proporti una suggestione che ho avuto quando ci siamo visti la prima volta qui da voi, e di cui mi sono sempre pi\u00f9 convinta in seguito. Da subito ho infatti percepito che questo luogo ha un\u2019<\/span><\/i><b><i>ANIMA FEMMINILE<\/i><\/b><i><span style=\"font-weight: 400;\">, si \u00e8 trattato proprio di una sensazione che ho avuto e che mi si \u00e8 riproposta anche con le visite successive.<\/span><\/i><\/p>\n<ul>\n<li style=\"font-weight: 400;\" aria-level=\"1\"><span style=\"font-weight: 400;\">Sono otto le donne che lavorano a Terre di Pietra. C\u2019\u00e8 stato un momento in cui anche io mi sono chiesto il perch\u00e9 di questa cosa, perch\u00e9 non \u00e8 che io abbia cercato nello specifico delle donne che lavorassero qui, ma loro sono arrivate. In pi\u00f9 io ho due figlie femmine, che gi\u00e0 in parte sono coinvolte nel progetto, e un giorno sar\u00e0 completamente nelle loro mani. Io ci ho riflettuto su questo fatto, e forse \u00e8 molto banale la questione: Terre di Pietra \u00e8 nata donna e ci sar\u00e0 sempre una parte femminile prevaricante in tutte le nostre attivit\u00e0. Laura era una donna energica e molto forte, e qui sono arrivate donne altrettanto energiche e forti. Quindi \u00e8 come un filo rosso che porta avanti un progetto nato donna e che continua ad esserlo.<\/span><\/li>\n<\/ul>\n<p><i><span style=\"font-weight: 400;\">Infatti quello che ho provato \u00e8 stata una sensazione di protezione e accudimento, che mi \u00e8 sembrato molto materno.<\/span><\/i><\/p>\n<ul>\n<li><span style=\"font-weight: 400;\">C\u2019\u00e8 molto senso materno. Un po\u2019 perch\u00e9 alcune ragazze sono qui gi\u00e0 da un po\u2019, hanno conosciuto le mie figlie in un momento in cui erano in grande difficolt\u00e0. Quindi l\u2019aspetto materno c\u2019\u00e8 di sicuro perch\u00e9 hanno visto crescere due ragazzine e le hanno accompagnate. C\u2019\u00e8 poi da aggiungere che non a tutte loro \u00e8 andata bene nelle loro esperienze di maternit\u00e0, e forse qui hanno trovato un modo per colmare questo aspetto che non hanno avuto la fortuna di curare in altro modo. Quindi \u00e8 una sensazione che in molti ci hanno detto di aver percepito.<\/span><span style=\"font-weight: 400;\"><br \/>\n<\/span><span style=\"font-weight: 400;\">A volte d\u2019altra parte \u00e8 difficile per gli uomini che arrivano, non tutti sono predisposti. Io mi trovo molto bene e non ho mai avuto preclusioni, ho avuto Laura come moglie, quindi non ho mai avuto l\u2019idea che una donna non possa fare quello che fa un uomo e farlo anche meglio di tanti uomini. Perci\u00f2 per me \u00e8 normale avere delle donne che lavorano con me, ma quando arrivano altri ragazzi non \u00e8 sempre semplice ed \u00e8 capitato che qualcuno se ne sia andato.<\/span><span style=\"font-weight: 400;\"><br \/>\n<\/span><span style=\"font-weight: 400;\">Io continuo a pensare che se non ci fosse questa energia femminile questo posto non sarebbe diventato quello che \u00e8, e siccome ritengo sia diventato una cosa molto bella, va benissimo cos\u00ec.<\/span><\/li>\n<\/ul>\n<p><a href=\"https:\/\/www.paguswinetours.com\/wp-content\/uploads\/\/469488886_576756531715720_3218017353229094367_n-300x300.jpg\"><img decoding=\"async\" class=\"aligncenter size-medium wp-image-14669\" src=\"https:\/\/www.paguswinetours.com\/wp-content\/uploads\/\/469488886_576756531715720_3218017353229094367_n-300x300.jpg\" alt=\"\" width=\"300\" height=\"300\" srcset=\"https:\/\/www.paguswinetours.com\/wp-content\/uploads\/469488886_576756531715720_3218017353229094367_n-300x300.jpg 300w, https:\/\/www.paguswinetours.com\/wp-content\/uploads\/469488886_576756531715720_3218017353229094367_n-1024x1024.jpg 1024w, https:\/\/www.paguswinetours.com\/wp-content\/uploads\/469488886_576756531715720_3218017353229094367_n-150x150.jpg 150w, https:\/\/www.paguswinetours.com\/wp-content\/uploads\/469488886_576756531715720_3218017353229094367_n-768x768.jpg 768w, https:\/\/www.paguswinetours.com\/wp-content\/uploads\/469488886_576756531715720_3218017353229094367_n-600x600.jpg 600w, https:\/\/www.paguswinetours.com\/wp-content\/uploads\/469488886_576756531715720_3218017353229094367_n-100x100.jpg 100w, https:\/\/www.paguswinetours.com\/wp-content\/uploads\/469488886_576756531715720_3218017353229094367_n-460x460.jpg 460w, https:\/\/www.paguswinetours.com\/wp-content\/uploads\/469488886_576756531715720_3218017353229094367_n.jpg 1440w\" sizes=\"(max-width: 300px) 100vw, 300px\" \/><\/a><\/p>\n<p><span style=\"font-weight: 400;\">Se sei curioso di conoscere meglio <strong>Terre di Pietra<\/strong>, realt\u00e0 unica in Valpolicella, potresti averne l\u2019occasione partecipando a uno dei nostri tour di gruppo \u201c<\/span><a href=\"https:\/\/www.paguswinetours.com\/it\/esperienze-degustazioni\/?re-product-id=280091&#038;rwstep=product\" target=\"_blank\" rel=\"noopener\"><b><i>Soave e Amarone<\/i><\/b><\/a><span style=\"font-weight: 400;\">\u201d, oppure potremmo organizzarti un tour privato su misura (scrivici a <\/span><a href=\"mailto:info@paguswinetours.com\" target=\"_blank\" rel=\"noopener\"><b>info@paguswinetours.com<\/b><\/a><span style=\"font-weight: 400;\">!). Sul nostro <\/span><a href=\"https:\/\/www.paguswinetours.com\/it\/shop\/?swoof=1&amp;product_cat=terre_di_pietra-it\" target=\"_blank\" rel=\"noopener\"><b>Shop Online<\/b><\/a><span style=\"font-weight: 400;\">, invece, puoi trovare alcuni dei loro vini pi\u00f9 iconici.<\/span><\/p>\n","protected":false},"excerpt":{"rendered":"<p>Riprendiamo i nostri appuntamenti con i produttori, e questo mese andiamo alla scoperta dell\u2019azienda agricola Terre di Pietra, a Marcellise. Il progetto di Terre di Pietra \u00e8 nato dal sogno di Laura, affiancata dal marito Cristiano, che nel 2007 ha cominciato a produrre vino in un piccolo garage a Torbe, frazione di Negrar di Valpolicella. [&hellip;]<\/p>\n","protected":false},"author":4,"featured_media":14664,"comment_status":"open","ping_status":"closed","sticky":false,"template":"","format":"standard","meta":{"_acf_changed":false,"footnotes":""},"categories":[106],"tags":[238,239,128,192],"class_list":["post-14672","post","type-post","status-publish","format-standard","has-post-thumbnail","hentry","category-notizie","tag-natural-wines-it","tag-terre-di-pietra-it","tag-valpolicella-it","tag-wine-talks-it"],"acf":[],"yoast_head":"<!-- This site is optimized with the Yoast SEO plugin v26.7 - https:\/\/yoast.com\/wordpress\/plugins\/seo\/ -->\n<title>Incontri col produttore: Terre di Pietra - Pagus Wine Tours<\/title>\n<meta name=\"description\" content=\"Incontra con noi Cristiano e scopri di pi\u00f9 sul progetto Terre di Pietra, che \u00e8 diventato molto pi\u00f9 di una cantina: rifugio, casa, famiglia.\" \/>\n<meta name=\"robots\" content=\"index, follow, max-snippet:-1, max-image-preview:large, max-video-preview:-1\" \/>\n<link rel=\"canonical\" href=\"https:\/\/www.paguswinetours.com\/it\/blog\/incontri-col-produttore-terre-di-pietra\/\" \/>\n<meta property=\"og:locale\" content=\"it_IT\" \/>\n<meta property=\"og:type\" content=\"article\" \/>\n<meta property=\"og:title\" content=\"Incontri col produttore: Terre di Pietra\" \/>\n<meta property=\"og:description\" content=\"Incontra con noi Cristiano e scopri di pi\u00f9 sul progetto Terre di Pietra, che \u00e8 diventato molto pi\u00f9 di una cantina: rifugio, casa, famiglia.\" \/>\n<meta property=\"og:url\" content=\"https:\/\/www.paguswinetours.com\/it\/blog\/incontri-col-produttore-terre-di-pietra\/\" \/>\n<meta property=\"og:site_name\" content=\"Pagus Wine Tours\" \/>\n<meta property=\"article:publisher\" content=\"https:\/\/www.facebook.com\/paguswinetours\/\" \/>\n<meta property=\"article:published_time\" content=\"2025-10-02T07:35:28+00:00\" \/>\n<meta property=\"og:image\" content=\"https:\/\/www.paguswinetours.com\/wp-content\/uploads\/tdp_square.jpg\" \/>\n\t<meta property=\"og:image:width\" content=\"1440\" \/>\n\t<meta property=\"og:image:height\" content=\"1440\" \/>\n\t<meta property=\"og:image:type\" content=\"image\/jpeg\" \/>\n<meta name=\"author\" content=\"Pagus Tours\" \/>\n<meta name=\"twitter:card\" content=\"summary_large_image\" \/>\n<meta name=\"twitter:label1\" content=\"Scritto da\" \/>\n\t<meta name=\"twitter:data1\" content=\"Pagus Tours\" \/>\n\t<meta name=\"twitter:label2\" content=\"Tempo di lettura stimato\" \/>\n\t<meta name=\"twitter:data2\" content=\"15 minuti\" \/>\n<script type=\"application\/ld+json\" class=\"yoast-schema-graph\">{\"@context\":\"https:\/\/schema.org\",\"@graph\":[{\"@type\":\"Article\",\"@id\":\"https:\/\/www.paguswinetours.com\/it\/blog\/incontri-col-produttore-terre-di-pietra\/#article\",\"isPartOf\":{\"@id\":\"https:\/\/www.paguswinetours.com\/it\/blog\/incontri-col-produttore-terre-di-pietra\/\"},\"author\":{\"name\":\"Pagus Tours\",\"@id\":\"https:\/\/www.paguswinetours.com\/it\/#\/schema\/person\/96bc828386caeb88813eeb626ac81d95\"},\"headline\":\"Incontri col produttore: Terre di Pietra\",\"datePublished\":\"2025-10-02T07:35:28+00:00\",\"mainEntityOfPage\":{\"@id\":\"https:\/\/www.paguswinetours.com\/it\/blog\/incontri-col-produttore-terre-di-pietra\/\"},\"wordCount\":2549,\"commentCount\":0,\"publisher\":{\"@id\":\"https:\/\/www.paguswinetours.com\/it\/#organization\"},\"image\":{\"@id\":\"https:\/\/www.paguswinetours.com\/it\/blog\/incontri-col-produttore-terre-di-pietra\/#primaryimage\"},\"thumbnailUrl\":\"https:\/\/www.paguswinetours.com\/wp-content\/uploads\/tdp_square.jpg\",\"keywords\":[\"natural wines\",\"terre di pietra\",\"Valpolicella\",\"wine talks\"],\"articleSection\":[\"Notizie\"],\"inLanguage\":\"it-IT\",\"potentialAction\":[{\"@type\":\"CommentAction\",\"name\":\"Comment\",\"target\":[\"https:\/\/www.paguswinetours.com\/it\/blog\/incontri-col-produttore-terre-di-pietra\/#respond\"]}]},{\"@type\":\"WebPage\",\"@id\":\"https:\/\/www.paguswinetours.com\/it\/blog\/incontri-col-produttore-terre-di-pietra\/\",\"url\":\"https:\/\/www.paguswinetours.com\/it\/blog\/incontri-col-produttore-terre-di-pietra\/\",\"name\":\"Incontri col produttore: Terre di Pietra - Pagus Wine Tours\",\"isPartOf\":{\"@id\":\"https:\/\/www.paguswinetours.com\/it\/#website\"},\"primaryImageOfPage\":{\"@id\":\"https:\/\/www.paguswinetours.com\/it\/blog\/incontri-col-produttore-terre-di-pietra\/#primaryimage\"},\"image\":{\"@id\":\"https:\/\/www.paguswinetours.com\/it\/blog\/incontri-col-produttore-terre-di-pietra\/#primaryimage\"},\"thumbnailUrl\":\"https:\/\/www.paguswinetours.com\/wp-content\/uploads\/tdp_square.jpg\",\"datePublished\":\"2025-10-02T07:35:28+00:00\",\"description\":\"Incontra con noi Cristiano e scopri di pi\u00f9 sul progetto Terre di Pietra, che \u00e8 diventato molto pi\u00f9 di una cantina: rifugio, casa, famiglia.\",\"breadcrumb\":{\"@id\":\"https:\/\/www.paguswinetours.com\/it\/blog\/incontri-col-produttore-terre-di-pietra\/#breadcrumb\"},\"inLanguage\":\"it-IT\",\"potentialAction\":[{\"@type\":\"ReadAction\",\"target\":[\"https:\/\/www.paguswinetours.com\/it\/blog\/incontri-col-produttore-terre-di-pietra\/\"]}]},{\"@type\":\"ImageObject\",\"inLanguage\":\"it-IT\",\"@id\":\"https:\/\/www.paguswinetours.com\/it\/blog\/incontri-col-produttore-terre-di-pietra\/#primaryimage\",\"url\":\"https:\/\/www.paguswinetours.com\/wp-content\/uploads\/tdp_square.jpg\",\"contentUrl\":\"https:\/\/www.paguswinetours.com\/wp-content\/uploads\/tdp_square.jpg\",\"width\":1440,\"height\":1440},{\"@type\":\"BreadcrumbList\",\"@id\":\"https:\/\/www.paguswinetours.com\/it\/blog\/incontri-col-produttore-terre-di-pietra\/#breadcrumb\",\"itemListElement\":[{\"@type\":\"ListItem\",\"position\":1,\"name\":\"Home\",\"item\":\"https:\/\/www.paguswinetours.com\/it\/\"},{\"@type\":\"ListItem\",\"position\":2,\"name\":\"Incontri col produttore: Terre di Pietra\"}]},{\"@type\":\"WebSite\",\"@id\":\"https:\/\/www.paguswinetours.com\/it\/#website\",\"url\":\"https:\/\/www.paguswinetours.com\/it\/\",\"name\":\"Pagus Wine Tours\",\"description\":\"\",\"publisher\":{\"@id\":\"https:\/\/www.paguswinetours.com\/it\/#organization\"},\"potentialAction\":[{\"@type\":\"SearchAction\",\"target\":{\"@type\":\"EntryPoint\",\"urlTemplate\":\"https:\/\/www.paguswinetours.com\/it\/?s={search_term_string}\"},\"query-input\":{\"@type\":\"PropertyValueSpecification\",\"valueRequired\":true,\"valueName\":\"search_term_string\"}}],\"inLanguage\":\"it-IT\"},{\"@type\":\"Organization\",\"@id\":\"https:\/\/www.paguswinetours.com\/it\/#organization\",\"name\":\"Pagus Wine Tours\",\"url\":\"https:\/\/www.paguswinetours.com\/it\/\",\"logo\":{\"@type\":\"ImageObject\",\"inLanguage\":\"it-IT\",\"@id\":\"https:\/\/www.paguswinetours.com\/it\/#\/schema\/logo\/image\/\",\"url\":\"https:\/\/www.paguswinetours.com\/wp-content\/uploads\/logo-2-1.png\",\"contentUrl\":\"https:\/\/www.paguswinetours.com\/wp-content\/uploads\/logo-2-1.png\",\"width\":1172,\"height\":364,\"caption\":\"Pagus Wine Tours\"},\"image\":{\"@id\":\"https:\/\/www.paguswinetours.com\/it\/#\/schema\/logo\/image\/\"},\"sameAs\":[\"https:\/\/www.facebook.com\/paguswinetours\/\",\"https:\/\/www.instagram.com\/paguswinetours\/\",\"https:\/\/www.youtube.com\/channel\/UCMuOOU3pfYQT2zysLFm2u8g\"]},{\"@type\":\"Person\",\"@id\":\"https:\/\/www.paguswinetours.com\/it\/#\/schema\/person\/96bc828386caeb88813eeb626ac81d95\",\"name\":\"Pagus Tours\",\"image\":{\"@type\":\"ImageObject\",\"inLanguage\":\"it-IT\",\"@id\":\"https:\/\/www.paguswinetours.com\/it\/#\/schema\/person\/image\/\",\"url\":\"https:\/\/secure.gravatar.com\/avatar\/fb99d2ab96fdea8a858087baf478b4a28eb25f6453f7204c280235e1b2a09dc0?s=96&d=mm&r=g\",\"contentUrl\":\"https:\/\/secure.gravatar.com\/avatar\/fb99d2ab96fdea8a858087baf478b4a28eb25f6453f7204c280235e1b2a09dc0?s=96&d=mm&r=g\",\"caption\":\"Pagus Tours\"}}]}<\/script>\n<!-- \/ Yoast SEO plugin. -->","yoast_head_json":{"title":"Incontri col produttore: Terre di Pietra - Pagus Wine Tours","description":"Incontra con noi Cristiano e scopri di pi\u00f9 sul progetto Terre di Pietra, che \u00e8 diventato molto pi\u00f9 di una cantina: rifugio, casa, famiglia.","robots":{"index":"index","follow":"follow","max-snippet":"max-snippet:-1","max-image-preview":"max-image-preview:large","max-video-preview":"max-video-preview:-1"},"canonical":"https:\/\/www.paguswinetours.com\/it\/blog\/incontri-col-produttore-terre-di-pietra\/","og_locale":"it_IT","og_type":"article","og_title":"Incontri col produttore: Terre di Pietra","og_description":"Incontra con noi Cristiano e scopri di pi\u00f9 sul progetto Terre di Pietra, che \u00e8 diventato molto pi\u00f9 di una cantina: rifugio, casa, famiglia.","og_url":"https:\/\/www.paguswinetours.com\/it\/blog\/incontri-col-produttore-terre-di-pietra\/","og_site_name":"Pagus Wine Tours","article_publisher":"https:\/\/www.facebook.com\/paguswinetours\/","article_published_time":"2025-10-02T07:35:28+00:00","og_image":[{"width":1440,"height":1440,"url":"https:\/\/www.paguswinetours.com\/wp-content\/uploads\/tdp_square.jpg","type":"image\/jpeg"}],"author":"Pagus Tours","twitter_card":"summary_large_image","twitter_misc":{"Scritto da":"Pagus Tours","Tempo di lettura stimato":"15 minuti"},"schema":{"@context":"https:\/\/schema.org","@graph":[{"@type":"Article","@id":"https:\/\/www.paguswinetours.com\/it\/blog\/incontri-col-produttore-terre-di-pietra\/#article","isPartOf":{"@id":"https:\/\/www.paguswinetours.com\/it\/blog\/incontri-col-produttore-terre-di-pietra\/"},"author":{"name":"Pagus Tours","@id":"https:\/\/www.paguswinetours.com\/it\/#\/schema\/person\/96bc828386caeb88813eeb626ac81d95"},"headline":"Incontri col produttore: Terre di Pietra","datePublished":"2025-10-02T07:35:28+00:00","mainEntityOfPage":{"@id":"https:\/\/www.paguswinetours.com\/it\/blog\/incontri-col-produttore-terre-di-pietra\/"},"wordCount":2549,"commentCount":0,"publisher":{"@id":"https:\/\/www.paguswinetours.com\/it\/#organization"},"image":{"@id":"https:\/\/www.paguswinetours.com\/it\/blog\/incontri-col-produttore-terre-di-pietra\/#primaryimage"},"thumbnailUrl":"https:\/\/www.paguswinetours.com\/wp-content\/uploads\/tdp_square.jpg","keywords":["natural wines","terre di pietra","Valpolicella","wine talks"],"articleSection":["Notizie"],"inLanguage":"it-IT","potentialAction":[{"@type":"CommentAction","name":"Comment","target":["https:\/\/www.paguswinetours.com\/it\/blog\/incontri-col-produttore-terre-di-pietra\/#respond"]}]},{"@type":"WebPage","@id":"https:\/\/www.paguswinetours.com\/it\/blog\/incontri-col-produttore-terre-di-pietra\/","url":"https:\/\/www.paguswinetours.com\/it\/blog\/incontri-col-produttore-terre-di-pietra\/","name":"Incontri col produttore: Terre di Pietra - Pagus Wine Tours","isPartOf":{"@id":"https:\/\/www.paguswinetours.com\/it\/#website"},"primaryImageOfPage":{"@id":"https:\/\/www.paguswinetours.com\/it\/blog\/incontri-col-produttore-terre-di-pietra\/#primaryimage"},"image":{"@id":"https:\/\/www.paguswinetours.com\/it\/blog\/incontri-col-produttore-terre-di-pietra\/#primaryimage"},"thumbnailUrl":"https:\/\/www.paguswinetours.com\/wp-content\/uploads\/tdp_square.jpg","datePublished":"2025-10-02T07:35:28+00:00","description":"Incontra con noi Cristiano e scopri di pi\u00f9 sul progetto Terre di Pietra, che \u00e8 diventato molto pi\u00f9 di una cantina: rifugio, casa, famiglia.","breadcrumb":{"@id":"https:\/\/www.paguswinetours.com\/it\/blog\/incontri-col-produttore-terre-di-pietra\/#breadcrumb"},"inLanguage":"it-IT","potentialAction":[{"@type":"ReadAction","target":["https:\/\/www.paguswinetours.com\/it\/blog\/incontri-col-produttore-terre-di-pietra\/"]}]},{"@type":"ImageObject","inLanguage":"it-IT","@id":"https:\/\/www.paguswinetours.com\/it\/blog\/incontri-col-produttore-terre-di-pietra\/#primaryimage","url":"https:\/\/www.paguswinetours.com\/wp-content\/uploads\/tdp_square.jpg","contentUrl":"https:\/\/www.paguswinetours.com\/wp-content\/uploads\/tdp_square.jpg","width":1440,"height":1440},{"@type":"BreadcrumbList","@id":"https:\/\/www.paguswinetours.com\/it\/blog\/incontri-col-produttore-terre-di-pietra\/#breadcrumb","itemListElement":[{"@type":"ListItem","position":1,"name":"Home","item":"https:\/\/www.paguswinetours.com\/it\/"},{"@type":"ListItem","position":2,"name":"Incontri col produttore: Terre di Pietra"}]},{"@type":"WebSite","@id":"https:\/\/www.paguswinetours.com\/it\/#website","url":"https:\/\/www.paguswinetours.com\/it\/","name":"Pagus Wine Tours","description":"","publisher":{"@id":"https:\/\/www.paguswinetours.com\/it\/#organization"},"potentialAction":[{"@type":"SearchAction","target":{"@type":"EntryPoint","urlTemplate":"https:\/\/www.paguswinetours.com\/it\/?s={search_term_string}"},"query-input":{"@type":"PropertyValueSpecification","valueRequired":true,"valueName":"search_term_string"}}],"inLanguage":"it-IT"},{"@type":"Organization","@id":"https:\/\/www.paguswinetours.com\/it\/#organization","name":"Pagus Wine Tours","url":"https:\/\/www.paguswinetours.com\/it\/","logo":{"@type":"ImageObject","inLanguage":"it-IT","@id":"https:\/\/www.paguswinetours.com\/it\/#\/schema\/logo\/image\/","url":"https:\/\/www.paguswinetours.com\/wp-content\/uploads\/logo-2-1.png","contentUrl":"https:\/\/www.paguswinetours.com\/wp-content\/uploads\/logo-2-1.png","width":1172,"height":364,"caption":"Pagus Wine Tours"},"image":{"@id":"https:\/\/www.paguswinetours.com\/it\/#\/schema\/logo\/image\/"},"sameAs":["https:\/\/www.facebook.com\/paguswinetours\/","https:\/\/www.instagram.com\/paguswinetours\/","https:\/\/www.youtube.com\/channel\/UCMuOOU3pfYQT2zysLFm2u8g"]},{"@type":"Person","@id":"https:\/\/www.paguswinetours.com\/it\/#\/schema\/person\/96bc828386caeb88813eeb626ac81d95","name":"Pagus Tours","image":{"@type":"ImageObject","inLanguage":"it-IT","@id":"https:\/\/www.paguswinetours.com\/it\/#\/schema\/person\/image\/","url":"https:\/\/secure.gravatar.com\/avatar\/fb99d2ab96fdea8a858087baf478b4a28eb25f6453f7204c280235e1b2a09dc0?s=96&d=mm&r=g","contentUrl":"https:\/\/secure.gravatar.com\/avatar\/fb99d2ab96fdea8a858087baf478b4a28eb25f6453f7204c280235e1b2a09dc0?s=96&d=mm&r=g","caption":"Pagus Tours"}}]}},"_links":{"self":[{"href":"https:\/\/www.paguswinetours.com\/it\/wp-json\/wp\/v2\/posts\/14672","targetHints":{"allow":["GET"]}}],"collection":[{"href":"https:\/\/www.paguswinetours.com\/it\/wp-json\/wp\/v2\/posts"}],"about":[{"href":"https:\/\/www.paguswinetours.com\/it\/wp-json\/wp\/v2\/types\/post"}],"author":[{"embeddable":true,"href":"https:\/\/www.paguswinetours.com\/it\/wp-json\/wp\/v2\/users\/4"}],"replies":[{"embeddable":true,"href":"https:\/\/www.paguswinetours.com\/it\/wp-json\/wp\/v2\/comments?post=14672"}],"version-history":[{"count":5,"href":"https:\/\/www.paguswinetours.com\/it\/wp-json\/wp\/v2\/posts\/14672\/revisions"}],"predecessor-version":[{"id":14683,"href":"https:\/\/www.paguswinetours.com\/it\/wp-json\/wp\/v2\/posts\/14672\/revisions\/14683"}],"wp:featuredmedia":[{"embeddable":true,"href":"https:\/\/www.paguswinetours.com\/it\/wp-json\/wp\/v2\/media\/14664"}],"wp:attachment":[{"href":"https:\/\/www.paguswinetours.com\/it\/wp-json\/wp\/v2\/media?parent=14672"}],"wp:term":[{"taxonomy":"category","embeddable":true,"href":"https:\/\/www.paguswinetours.com\/it\/wp-json\/wp\/v2\/categories?post=14672"},{"taxonomy":"post_tag","embeddable":true,"href":"https:\/\/www.paguswinetours.com\/it\/wp-json\/wp\/v2\/tags?post=14672"}],"curies":[{"name":"wp","href":"https:\/\/api.w.org\/{rel}","templated":true}]}}