{"id":11572,"date":"2024-10-21T09:41:27","date_gmt":"2024-10-21T07:41:27","guid":{"rendered":"https:\/\/www.paguswinetours.com\/?p=11572"},"modified":"2024-10-21T09:41:27","modified_gmt":"2024-10-21T07:41:27","slug":"festa-de-le-fae","status":"publish","type":"post","link":"https:\/\/www.paguswinetours.com\/it\/blog\/festa-de-le-fae\/","title":{"rendered":"Festa de le Fae"},"content":{"rendered":"<p><span style=\"font-weight: 400\">Con l\u2019arrivo di novembre si avvicina una delle feste tradizionali pi\u00f9 longeve e sentite della Valpolicella, la \u201c<strong>Festa de le <\/strong><\/span><strong><i>Fae<\/i><\/strong><span style=\"font-weight: 400\">\u201d. Nell\u2019incantevole borgo di <strong>San Giorgio Ingannapoltron<\/strong> il secondo weekend di novembre si celebra questo legume, la fava appunto, fondamentale per l\u2019alimentazione delle famiglie contadine locali in passato. Fin dall\u2019antichit\u00e0 le fave, che per prime sbucano dal terreno primaverile dopo che il seme \u00e8 stato sepolto nella terra, erano il <strong>simbolo di immortalit\u00e0 e custodi delle anime dei trapassati<\/strong>. Questa festa affonda le radici nell\u2019epoca dell\u2019antica Roma, ed era connessa con i riti funebri degli Arusnati, antichi abitatori della Valpolicella, e poi con quelli cristiani, per i quali ugualmente le fave erano simbolo dell\u2019immortalit\u00e0. L\u2019antico rito pagano aveva il significato di propiziare le ombre dei defunti, mettendosi quindi in contatto con l\u2019aldil\u00e0, dove lo spirito dei morti vive in eterno. Le fave non rappresentavano dunque un\u2019offerta destinata ai defunti, ma un legume destinato ai viventi, che essendo simbolo di immortalit\u00e0, li metteva in comunicazione spirituale con il mondo dei trapassati.<\/span><\/p>\n<p><a href=\"https:\/\/www.paguswinetours.com\/wp-content\/uploads\/IMG20240505123801-scaled.jpg\"><img fetchpriority=\"high\" decoding=\"async\" class=\"aligncenter size-medium wp-image-11573\" src=\"https:\/\/www.paguswinetours.com\/wp-content\/uploads\/\/IMG20240505123801-300x300.jpg\" alt=\"\" width=\"300\" height=\"300\" srcset=\"https:\/\/www.paguswinetours.com\/wp-content\/uploads\/IMG20240505123801-300x300.jpg 300w, https:\/\/www.paguswinetours.com\/wp-content\/uploads\/IMG20240505123801-1024x1024.jpg 1024w, https:\/\/www.paguswinetours.com\/wp-content\/uploads\/IMG20240505123801-150x150.jpg 150w, https:\/\/www.paguswinetours.com\/wp-content\/uploads\/IMG20240505123801-768x768.jpg 768w, https:\/\/www.paguswinetours.com\/wp-content\/uploads\/IMG20240505123801-1536x1536.jpg 1536w, https:\/\/www.paguswinetours.com\/wp-content\/uploads\/IMG20240505123801-2048x2048.jpg 2048w, https:\/\/www.paguswinetours.com\/wp-content\/uploads\/IMG20240505123801-600x600.jpg 600w, https:\/\/www.paguswinetours.com\/wp-content\/uploads\/IMG20240505123801-100x100.jpg 100w, https:\/\/www.paguswinetours.com\/wp-content\/uploads\/IMG20240505123801-460x460.jpg 460w\" sizes=\"(max-width: 300px) 100vw, 300px\" \/><\/a><\/p>\n<p><span style=\"font-weight: 400\">Tracce certe di questa celebrazione si hanno dal \u2018500 fino al 1924, dopodich\u00e9 la sua presenza ha cominciato a rarefarsi sempre pi\u00f9 fino quasi a scomparire. Nel 1973 la nascente Pro Loco locale si incaric\u00f2 di riabilitare l\u2019evento, rispecchiando la vecchia tradizione, compresa la ricetta e <strong>distribuzione alla popolazione del famoso \u201cminestrone de le <\/strong><\/span><strong><i>Fae<\/i><\/strong><span style=\"font-weight: 400\"><strong>\u201d<\/strong>, risultato di una lunga cottura delle fave con verdure ed olio di oliva. Da allora, ogni anno la seconda domenica di novembre dopo la Santa Messa, gli abitanti della frazione di San Giorgio si radunano nella piazzetta adiacente la Pieve, dove attorno alla \u201c<\/span><i><span style=\"font-weight: 400\">Piera<\/span><\/i><span style=\"font-weight: 400\"> (pietra) de le <\/span><i><span style=\"font-weight: 400\">Fae<\/span><\/i><span style=\"font-weight: 400\">\u201d aspettano di ricevere la loro razione di minestrone. I capifamiglia del paese vengono chiamati, e in base al numero di componenti di ciascun nucleo familiare, vengono distribuite le razioni. A questo punto gli abitanti tornano alle loro abitazioni per consumare il ricco minestrone ricevuto. La festa continua, e tutti gli ospiti ed i turisti presenti possono assaggiare loro stessi il minestrone di <\/span><i><span style=\"font-weight: 400\">Fae<\/span><\/i><span style=\"font-weight: 400\">, castagne e <\/span><i><span style=\"font-weight: 400\">spongh\u00e8<\/span><\/i><span style=\"font-weight: 400\">, un dolce tipico locale, il tutto ovviamente accompagnato dai vini locali della Valpolicella e da ottimo vin brul\u00e8.<\/span><\/p>\n<p><a href=\"https:\/\/www.paguswinetours.com\/wp-content\/uploads\/\/Festa-delle-Fae-ok-300x300.jpg\"><img decoding=\"async\" class=\"aligncenter size-medium wp-image-11563\" src=\"https:\/\/www.paguswinetours.com\/wp-content\/uploads\/\/Festa-delle-Fae-ok-300x300.jpg\" alt=\"\" width=\"300\" height=\"300\" srcset=\"https:\/\/www.paguswinetours.com\/wp-content\/uploads\/Festa-delle-Fae-ok-300x300.jpg 300w, https:\/\/www.paguswinetours.com\/wp-content\/uploads\/Festa-delle-Fae-ok-150x150.jpg 150w, https:\/\/www.paguswinetours.com\/wp-content\/uploads\/Festa-delle-Fae-ok-100x100.jpg 100w, https:\/\/www.paguswinetours.com\/wp-content\/uploads\/Festa-delle-Fae-ok.jpg 400w\" sizes=\"(max-width: 300px) 100vw, 300px\" \/><\/a><\/p>\n<p><span style=\"font-weight: 400\">In paese la festa dura tutto il finesettimana, con esibizioni folkloristiche e degustazioni di prodotti locali, oltre ad eventi collaterali come esposizioni di sculture, mostre fotografiche o di pittura e concerti.<\/span><\/p>\n<p><a href=\"https:\/\/www.paguswinetours.com\/wp-content\/uploads\/\/IMG20220409145501-300x300.jpg\"><img decoding=\"async\" class=\"aligncenter size-medium wp-image-11565\" src=\"https:\/\/www.paguswinetours.com\/wp-content\/uploads\/\/IMG20220409145501-300x300.jpg\" alt=\"\" width=\"300\" height=\"300\" srcset=\"https:\/\/www.paguswinetours.com\/wp-content\/uploads\/IMG20220409145501-300x300.jpg 300w, https:\/\/www.paguswinetours.com\/wp-content\/uploads\/IMG20220409145501-1024x1024.jpg 1024w, https:\/\/www.paguswinetours.com\/wp-content\/uploads\/IMG20220409145501-150x150.jpg 150w, https:\/\/www.paguswinetours.com\/wp-content\/uploads\/IMG20220409145501-768x768.jpg 768w, https:\/\/www.paguswinetours.com\/wp-content\/uploads\/IMG20220409145501-1536x1536.jpg 1536w, https:\/\/www.paguswinetours.com\/wp-content\/uploads\/IMG20220409145501-2048x2048.jpg 2048w, https:\/\/www.paguswinetours.com\/wp-content\/uploads\/IMG20220409145501-600x600.jpg 600w, https:\/\/www.paguswinetours.com\/wp-content\/uploads\/IMG20220409145501-100x100.jpg 100w, https:\/\/www.paguswinetours.com\/wp-content\/uploads\/IMG20220409145501-460x460.jpg 460w\" sizes=\"(max-width: 300px) 100vw, 300px\" \/><\/a><\/p>\n<p><span style=\"font-weight: 400\">Insomma, se capitate in Valpolicella tra l\u20198 e il 10 novembre una tappa alla \u201cFesta de le <\/span><i><span style=\"font-weight: 400\">Fae<\/span><\/i><span style=\"font-weight: 400\">\u201d a San Giorgio \u00e8 proprio d\u2019obbligo. Ma se volete scoprire la magia di questo borgo antico anche durante il resto dell\u2019anno, non esitate ad unirvi a noi nel nostro tour \u201c<\/span><strong><a href=\"https:\/\/www.paguswinetours.com\/it\/esperienze-degustazioni\/un-assaggio-di-valpolicella\/\" target=\"_blank\" rel=\"noopener\">Un assaggio di Valpolicella<\/a><\/strong><span style=\"font-weight: 400\">\u201d!<\/span><\/p>\n","protected":false},"excerpt":{"rendered":"<p>Con l\u2019arrivo di novembre si avvicina una delle feste tradizionali pi\u00f9 longeve e sentite della Valpolicella, la \u201cFesta de le Fae\u201d. Nell\u2019incantevole borgo di San Giorgio Ingannapoltron il secondo weekend di novembre si celebra questo legume, la fava appunto, fondamentale per l\u2019alimentazione delle famiglie contadine locali in passato. Fin dall\u2019antichit\u00e0 le fave, che per prime [&hellip;]<\/p>\n","protected":false},"author":4,"featured_media":11570,"comment_status":"open","ping_status":"closed","sticky":false,"template":"","format":"standard","meta":{"_acf_changed":false,"footnotes":""},"categories":[106],"tags":[155,156,128],"class_list":["post-11572","post","type-post","status-publish","format-standard","has-post-thumbnail","hentry","category-notizie","tag-festa-de-le-fae-it","tag-san-giorgio-ingannapoltron-it","tag-valpolicella-it"],"acf":[],"yoast_head":"<!-- This site is optimized with the Yoast SEO plugin v26.7 - https:\/\/yoast.com\/wordpress\/plugins\/seo\/ -->\n<title>Festa de le Fae - Pagus Wine Tours<\/title>\n<meta name=\"description\" content=\"Con l\u2019arrivo di novembre si avvicina una delle feste tradizionali pi\u00f9 longeve e sentite della Valpolicella, la \u201cFesta de le Fae\u201d.\" \/>\n<meta name=\"robots\" content=\"index, follow, max-snippet:-1, max-image-preview:large, max-video-preview:-1\" \/>\n<link rel=\"canonical\" href=\"https:\/\/www.paguswinetours.com\/it\/blog\/festa-de-le-fae\/\" \/>\n<meta property=\"og:locale\" content=\"it_IT\" \/>\n<meta property=\"og:type\" content=\"article\" \/>\n<meta property=\"og:title\" content=\"Festa de le Fae\" \/>\n<meta property=\"og:description\" content=\"Con l\u2019arrivo di novembre si avvicina una delle feste tradizionali pi\u00f9 longeve e sentite della Valpolicella, la \u201cFesta de le Fae\u201d.\" \/>\n<meta property=\"og:url\" content=\"https:\/\/www.paguswinetours.com\/it\/blog\/festa-de-le-fae\/\" \/>\n<meta property=\"og:site_name\" content=\"Pagus Wine Tours\" \/>\n<meta property=\"article:publisher\" content=\"https:\/\/www.facebook.com\/paguswinetours\/\" \/>\n<meta property=\"article:published_time\" content=\"2024-10-21T07:41:27+00:00\" \/>\n<meta property=\"og:image\" content=\"https:\/\/www.paguswinetours.com\/wp-content\/uploads\/IMG20220409145046-1.jpg\" \/>\n\t<meta property=\"og:image:width\" content=\"2448\" \/>\n\t<meta property=\"og:image:height\" content=\"2448\" \/>\n\t<meta property=\"og:image:type\" content=\"image\/jpeg\" \/>\n<meta name=\"author\" content=\"Pagus Tours\" \/>\n<meta name=\"twitter:card\" content=\"summary_large_image\" \/>\n<meta name=\"twitter:label1\" content=\"Scritto da\" \/>\n\t<meta name=\"twitter:data1\" content=\"Pagus Tours\" \/>\n\t<meta name=\"twitter:label2\" content=\"Tempo di lettura stimato\" \/>\n\t<meta name=\"twitter:data2\" content=\"4 minuti\" \/>\n<script type=\"application\/ld+json\" class=\"yoast-schema-graph\">{\"@context\":\"https:\/\/schema.org\",\"@graph\":[{\"@type\":\"Article\",\"@id\":\"https:\/\/www.paguswinetours.com\/it\/blog\/festa-de-le-fae\/#article\",\"isPartOf\":{\"@id\":\"https:\/\/www.paguswinetours.com\/it\/blog\/festa-de-le-fae\/\"},\"author\":{\"name\":\"Pagus Tours\",\"@id\":\"https:\/\/www.paguswinetours.com\/it\/#\/schema\/person\/96bc828386caeb88813eeb626ac81d95\"},\"headline\":\"Festa de le Fae\",\"datePublished\":\"2024-10-21T07:41:27+00:00\",\"mainEntityOfPage\":{\"@id\":\"https:\/\/www.paguswinetours.com\/it\/blog\/festa-de-le-fae\/\"},\"wordCount\":451,\"commentCount\":0,\"publisher\":{\"@id\":\"https:\/\/www.paguswinetours.com\/it\/#organization\"},\"image\":{\"@id\":\"https:\/\/www.paguswinetours.com\/it\/blog\/festa-de-le-fae\/#primaryimage\"},\"thumbnailUrl\":\"https:\/\/www.paguswinetours.com\/wp-content\/uploads\/IMG20220409145046-1.jpg\",\"keywords\":[\"festa de le fae\",\"san giorgio ingannapoltron\",\"Valpolicella\"],\"articleSection\":[\"Notizie\"],\"inLanguage\":\"it-IT\",\"potentialAction\":[{\"@type\":\"CommentAction\",\"name\":\"Comment\",\"target\":[\"https:\/\/www.paguswinetours.com\/it\/blog\/festa-de-le-fae\/#respond\"]}]},{\"@type\":\"WebPage\",\"@id\":\"https:\/\/www.paguswinetours.com\/it\/blog\/festa-de-le-fae\/\",\"url\":\"https:\/\/www.paguswinetours.com\/it\/blog\/festa-de-le-fae\/\",\"name\":\"Festa de le Fae - Pagus Wine Tours\",\"isPartOf\":{\"@id\":\"https:\/\/www.paguswinetours.com\/it\/#website\"},\"primaryImageOfPage\":{\"@id\":\"https:\/\/www.paguswinetours.com\/it\/blog\/festa-de-le-fae\/#primaryimage\"},\"image\":{\"@id\":\"https:\/\/www.paguswinetours.com\/it\/blog\/festa-de-le-fae\/#primaryimage\"},\"thumbnailUrl\":\"https:\/\/www.paguswinetours.com\/wp-content\/uploads\/IMG20220409145046-1.jpg\",\"datePublished\":\"2024-10-21T07:41:27+00:00\",\"description\":\"Con l\u2019arrivo di novembre si avvicina una delle feste tradizionali pi\u00f9 longeve e sentite della Valpolicella, la \u201cFesta de le Fae\u201d.\",\"breadcrumb\":{\"@id\":\"https:\/\/www.paguswinetours.com\/it\/blog\/festa-de-le-fae\/#breadcrumb\"},\"inLanguage\":\"it-IT\",\"potentialAction\":[{\"@type\":\"ReadAction\",\"target\":[\"https:\/\/www.paguswinetours.com\/it\/blog\/festa-de-le-fae\/\"]}]},{\"@type\":\"ImageObject\",\"inLanguage\":\"it-IT\",\"@id\":\"https:\/\/www.paguswinetours.com\/it\/blog\/festa-de-le-fae\/#primaryimage\",\"url\":\"https:\/\/www.paguswinetours.com\/wp-content\/uploads\/IMG20220409145046-1.jpg\",\"contentUrl\":\"https:\/\/www.paguswinetours.com\/wp-content\/uploads\/IMG20220409145046-1.jpg\",\"width\":2448,\"height\":2448,\"caption\":\"festa del le fae\"},{\"@type\":\"BreadcrumbList\",\"@id\":\"https:\/\/www.paguswinetours.com\/it\/blog\/festa-de-le-fae\/#breadcrumb\",\"itemListElement\":[{\"@type\":\"ListItem\",\"position\":1,\"name\":\"Home\",\"item\":\"https:\/\/www.paguswinetours.com\/it\/\"},{\"@type\":\"ListItem\",\"position\":2,\"name\":\"Festa de le Fae\"}]},{\"@type\":\"WebSite\",\"@id\":\"https:\/\/www.paguswinetours.com\/it\/#website\",\"url\":\"https:\/\/www.paguswinetours.com\/it\/\",\"name\":\"Pagus Wine Tours\",\"description\":\"\",\"publisher\":{\"@id\":\"https:\/\/www.paguswinetours.com\/it\/#organization\"},\"potentialAction\":[{\"@type\":\"SearchAction\",\"target\":{\"@type\":\"EntryPoint\",\"urlTemplate\":\"https:\/\/www.paguswinetours.com\/it\/?s={search_term_string}\"},\"query-input\":{\"@type\":\"PropertyValueSpecification\",\"valueRequired\":true,\"valueName\":\"search_term_string\"}}],\"inLanguage\":\"it-IT\"},{\"@type\":\"Organization\",\"@id\":\"https:\/\/www.paguswinetours.com\/it\/#organization\",\"name\":\"Pagus Wine Tours\",\"url\":\"https:\/\/www.paguswinetours.com\/it\/\",\"logo\":{\"@type\":\"ImageObject\",\"inLanguage\":\"it-IT\",\"@id\":\"https:\/\/www.paguswinetours.com\/it\/#\/schema\/logo\/image\/\",\"url\":\"https:\/\/www.paguswinetours.com\/wp-content\/uploads\/logo-2-1.png\",\"contentUrl\":\"https:\/\/www.paguswinetours.com\/wp-content\/uploads\/logo-2-1.png\",\"width\":1172,\"height\":364,\"caption\":\"Pagus Wine Tours\"},\"image\":{\"@id\":\"https:\/\/www.paguswinetours.com\/it\/#\/schema\/logo\/image\/\"},\"sameAs\":[\"https:\/\/www.facebook.com\/paguswinetours\/\",\"https:\/\/www.instagram.com\/paguswinetours\/\",\"https:\/\/www.youtube.com\/channel\/UCMuOOU3pfYQT2zysLFm2u8g\"]},{\"@type\":\"Person\",\"@id\":\"https:\/\/www.paguswinetours.com\/it\/#\/schema\/person\/96bc828386caeb88813eeb626ac81d95\",\"name\":\"Pagus Tours\",\"image\":{\"@type\":\"ImageObject\",\"inLanguage\":\"it-IT\",\"@id\":\"https:\/\/www.paguswinetours.com\/it\/#\/schema\/person\/image\/\",\"url\":\"https:\/\/secure.gravatar.com\/avatar\/fb99d2ab96fdea8a858087baf478b4a28eb25f6453f7204c280235e1b2a09dc0?s=96&d=mm&r=g\",\"contentUrl\":\"https:\/\/secure.gravatar.com\/avatar\/fb99d2ab96fdea8a858087baf478b4a28eb25f6453f7204c280235e1b2a09dc0?s=96&d=mm&r=g\",\"caption\":\"Pagus Tours\"}}]}<\/script>\n<!-- \/ Yoast SEO plugin. -->","yoast_head_json":{"title":"Festa de le Fae - Pagus Wine Tours","description":"Con l\u2019arrivo di novembre si avvicina una delle feste tradizionali pi\u00f9 longeve e sentite della Valpolicella, la \u201cFesta de le Fae\u201d.","robots":{"index":"index","follow":"follow","max-snippet":"max-snippet:-1","max-image-preview":"max-image-preview:large","max-video-preview":"max-video-preview:-1"},"canonical":"https:\/\/www.paguswinetours.com\/it\/blog\/festa-de-le-fae\/","og_locale":"it_IT","og_type":"article","og_title":"Festa de le Fae","og_description":"Con l\u2019arrivo di novembre si avvicina una delle feste tradizionali pi\u00f9 longeve e sentite della Valpolicella, la \u201cFesta de le Fae\u201d.","og_url":"https:\/\/www.paguswinetours.com\/it\/blog\/festa-de-le-fae\/","og_site_name":"Pagus Wine Tours","article_publisher":"https:\/\/www.facebook.com\/paguswinetours\/","article_published_time":"2024-10-21T07:41:27+00:00","og_image":[{"width":2448,"height":2448,"url":"https:\/\/www.paguswinetours.com\/wp-content\/uploads\/IMG20220409145046-1.jpg","type":"image\/jpeg"}],"author":"Pagus Tours","twitter_card":"summary_large_image","twitter_misc":{"Scritto da":"Pagus Tours","Tempo di lettura stimato":"4 minuti"},"schema":{"@context":"https:\/\/schema.org","@graph":[{"@type":"Article","@id":"https:\/\/www.paguswinetours.com\/it\/blog\/festa-de-le-fae\/#article","isPartOf":{"@id":"https:\/\/www.paguswinetours.com\/it\/blog\/festa-de-le-fae\/"},"author":{"name":"Pagus Tours","@id":"https:\/\/www.paguswinetours.com\/it\/#\/schema\/person\/96bc828386caeb88813eeb626ac81d95"},"headline":"Festa de le Fae","datePublished":"2024-10-21T07:41:27+00:00","mainEntityOfPage":{"@id":"https:\/\/www.paguswinetours.com\/it\/blog\/festa-de-le-fae\/"},"wordCount":451,"commentCount":0,"publisher":{"@id":"https:\/\/www.paguswinetours.com\/it\/#organization"},"image":{"@id":"https:\/\/www.paguswinetours.com\/it\/blog\/festa-de-le-fae\/#primaryimage"},"thumbnailUrl":"https:\/\/www.paguswinetours.com\/wp-content\/uploads\/IMG20220409145046-1.jpg","keywords":["festa de le fae","san giorgio ingannapoltron","Valpolicella"],"articleSection":["Notizie"],"inLanguage":"it-IT","potentialAction":[{"@type":"CommentAction","name":"Comment","target":["https:\/\/www.paguswinetours.com\/it\/blog\/festa-de-le-fae\/#respond"]}]},{"@type":"WebPage","@id":"https:\/\/www.paguswinetours.com\/it\/blog\/festa-de-le-fae\/","url":"https:\/\/www.paguswinetours.com\/it\/blog\/festa-de-le-fae\/","name":"Festa de le Fae - Pagus Wine Tours","isPartOf":{"@id":"https:\/\/www.paguswinetours.com\/it\/#website"},"primaryImageOfPage":{"@id":"https:\/\/www.paguswinetours.com\/it\/blog\/festa-de-le-fae\/#primaryimage"},"image":{"@id":"https:\/\/www.paguswinetours.com\/it\/blog\/festa-de-le-fae\/#primaryimage"},"thumbnailUrl":"https:\/\/www.paguswinetours.com\/wp-content\/uploads\/IMG20220409145046-1.jpg","datePublished":"2024-10-21T07:41:27+00:00","description":"Con l\u2019arrivo di novembre si avvicina una delle feste tradizionali pi\u00f9 longeve e sentite della Valpolicella, la \u201cFesta de le Fae\u201d.","breadcrumb":{"@id":"https:\/\/www.paguswinetours.com\/it\/blog\/festa-de-le-fae\/#breadcrumb"},"inLanguage":"it-IT","potentialAction":[{"@type":"ReadAction","target":["https:\/\/www.paguswinetours.com\/it\/blog\/festa-de-le-fae\/"]}]},{"@type":"ImageObject","inLanguage":"it-IT","@id":"https:\/\/www.paguswinetours.com\/it\/blog\/festa-de-le-fae\/#primaryimage","url":"https:\/\/www.paguswinetours.com\/wp-content\/uploads\/IMG20220409145046-1.jpg","contentUrl":"https:\/\/www.paguswinetours.com\/wp-content\/uploads\/IMG20220409145046-1.jpg","width":2448,"height":2448,"caption":"festa del le fae"},{"@type":"BreadcrumbList","@id":"https:\/\/www.paguswinetours.com\/it\/blog\/festa-de-le-fae\/#breadcrumb","itemListElement":[{"@type":"ListItem","position":1,"name":"Home","item":"https:\/\/www.paguswinetours.com\/it\/"},{"@type":"ListItem","position":2,"name":"Festa de le Fae"}]},{"@type":"WebSite","@id":"https:\/\/www.paguswinetours.com\/it\/#website","url":"https:\/\/www.paguswinetours.com\/it\/","name":"Pagus Wine Tours","description":"","publisher":{"@id":"https:\/\/www.paguswinetours.com\/it\/#organization"},"potentialAction":[{"@type":"SearchAction","target":{"@type":"EntryPoint","urlTemplate":"https:\/\/www.paguswinetours.com\/it\/?s={search_term_string}"},"query-input":{"@type":"PropertyValueSpecification","valueRequired":true,"valueName":"search_term_string"}}],"inLanguage":"it-IT"},{"@type":"Organization","@id":"https:\/\/www.paguswinetours.com\/it\/#organization","name":"Pagus Wine Tours","url":"https:\/\/www.paguswinetours.com\/it\/","logo":{"@type":"ImageObject","inLanguage":"it-IT","@id":"https:\/\/www.paguswinetours.com\/it\/#\/schema\/logo\/image\/","url":"https:\/\/www.paguswinetours.com\/wp-content\/uploads\/logo-2-1.png","contentUrl":"https:\/\/www.paguswinetours.com\/wp-content\/uploads\/logo-2-1.png","width":1172,"height":364,"caption":"Pagus Wine Tours"},"image":{"@id":"https:\/\/www.paguswinetours.com\/it\/#\/schema\/logo\/image\/"},"sameAs":["https:\/\/www.facebook.com\/paguswinetours\/","https:\/\/www.instagram.com\/paguswinetours\/","https:\/\/www.youtube.com\/channel\/UCMuOOU3pfYQT2zysLFm2u8g"]},{"@type":"Person","@id":"https:\/\/www.paguswinetours.com\/it\/#\/schema\/person\/96bc828386caeb88813eeb626ac81d95","name":"Pagus Tours","image":{"@type":"ImageObject","inLanguage":"it-IT","@id":"https:\/\/www.paguswinetours.com\/it\/#\/schema\/person\/image\/","url":"https:\/\/secure.gravatar.com\/avatar\/fb99d2ab96fdea8a858087baf478b4a28eb25f6453f7204c280235e1b2a09dc0?s=96&d=mm&r=g","contentUrl":"https:\/\/secure.gravatar.com\/avatar\/fb99d2ab96fdea8a858087baf478b4a28eb25f6453f7204c280235e1b2a09dc0?s=96&d=mm&r=g","caption":"Pagus Tours"}}]}},"_links":{"self":[{"href":"https:\/\/www.paguswinetours.com\/it\/wp-json\/wp\/v2\/posts\/11572","targetHints":{"allow":["GET"]}}],"collection":[{"href":"https:\/\/www.paguswinetours.com\/it\/wp-json\/wp\/v2\/posts"}],"about":[{"href":"https:\/\/www.paguswinetours.com\/it\/wp-json\/wp\/v2\/types\/post"}],"author":[{"embeddable":true,"href":"https:\/\/www.paguswinetours.com\/it\/wp-json\/wp\/v2\/users\/4"}],"replies":[{"embeddable":true,"href":"https:\/\/www.paguswinetours.com\/it\/wp-json\/wp\/v2\/comments?post=11572"}],"version-history":[{"count":1,"href":"https:\/\/www.paguswinetours.com\/it\/wp-json\/wp\/v2\/posts\/11572\/revisions"}],"predecessor-version":[{"id":11575,"href":"https:\/\/www.paguswinetours.com\/it\/wp-json\/wp\/v2\/posts\/11572\/revisions\/11575"}],"wp:featuredmedia":[{"embeddable":true,"href":"https:\/\/www.paguswinetours.com\/it\/wp-json\/wp\/v2\/media\/11570"}],"wp:attachment":[{"href":"https:\/\/www.paguswinetours.com\/it\/wp-json\/wp\/v2\/media?parent=11572"}],"wp:term":[{"taxonomy":"category","embeddable":true,"href":"https:\/\/www.paguswinetours.com\/it\/wp-json\/wp\/v2\/categories?post=11572"},{"taxonomy":"post_tag","embeddable":true,"href":"https:\/\/www.paguswinetours.com\/it\/wp-json\/wp\/v2\/tags?post=11572"}],"curies":[{"name":"wp","href":"https:\/\/api.w.org\/{rel}","templated":true}]}}