{"id":11518,"date":"2024-09-27T12:02:07","date_gmt":"2024-09-27T10:02:07","guid":{"rendered":"https:\/\/www.paguswinetours.com\/?p=11518"},"modified":"2024-09-27T12:02:07","modified_gmt":"2024-09-27T10:02:07","slug":"settembre-e-tempo-di-vendemmia","status":"publish","type":"post","link":"https:\/\/www.paguswinetours.com\/it\/blog\/settembre-e-tempo-di-vendemmia\/","title":{"rendered":"Settembre, \u00e8 tempo di vendemmia"},"content":{"rendered":"<p><span style=\"font-weight: 400\">Come ogni anno, <strong>Settembre<\/strong> in Valpolicella \u00e8 sinonimo di <strong>vendemmia<\/strong>. E\u2019 dunque ora di tirare le somme di un\u2019annata che potrebbe essere ricordata tra le pi\u00f9 complesse.<\/span><\/p>\n<p><span style=\"font-weight: 400\">Il 2024 \u00e8 stato interessato da grande <strong>instabilit\u00e0 meteorologica<\/strong>, che ancora una volta viene a metterci in allerta rispetto all\u2019evidente cambiamento climatico in atto. Aveva infatti preoccupato la quantit\u00e0 di acqua piovana caduta in tarda primavera, che fino ai primi giorni di luglio ha mantenuto le temperature basse e favorito lo sviluppo di malattie fungine. Nei mesi di luglio e agosto, al contrario, si sono registrate temperature ben al di sopra della media stagionale, che hanno mandato le viti in stress idrico. I vigneti hanno dunque sofferto sia delle problematiche dovute ad <strong>alti livelli di umidit\u00e0<\/strong>, come peronospora e oidio, sia di quelle dovute alla <strong>siccit\u00e0 e alle alte temperature<\/strong>, come scottature del grappolo. Tale condizione ha costretto i produttori ad un costante monitoraggio delle viti e ad una gestione del vigneto particolarmente scrupolosa, soprattutto per quanto riguarda le produzioni biologiche. Per quanto riguarda le ultime settimane, senza dubbio le piogge e l\u2019abbassamento delle temperature hanno portato ristoro alle colture, permettendo alle uve di arrivare a perfetta maturazione. D\u2019altro canto, tale condizione di instabilit\u00e0 meteorologica ha reso le operazioni di vendemmia complicate e discontinue.<\/span><\/p>\n<p><a href=\"https:\/\/www.paguswinetours.com\/wp-content\/uploads\/IMG20240909160647-scaled.jpg\"><img fetchpriority=\"high\" decoding=\"async\" class=\"aligncenter size-medium wp-image-11525\" src=\"https:\/\/www.paguswinetours.com\/wp-content\/uploads\/\/IMG20240909160647-300x300.jpg\" alt=\"\" width=\"300\" height=\"300\" srcset=\"https:\/\/www.paguswinetours.com\/wp-content\/uploads\/IMG20240909160647-300x300.jpg 300w, https:\/\/www.paguswinetours.com\/wp-content\/uploads\/IMG20240909160647-1024x1024.jpg 1024w, https:\/\/www.paguswinetours.com\/wp-content\/uploads\/IMG20240909160647-150x150.jpg 150w, https:\/\/www.paguswinetours.com\/wp-content\/uploads\/IMG20240909160647-768x768.jpg 768w, https:\/\/www.paguswinetours.com\/wp-content\/uploads\/IMG20240909160647-1536x1536.jpg 1536w, https:\/\/www.paguswinetours.com\/wp-content\/uploads\/IMG20240909160647-2048x2048.jpg 2048w, https:\/\/www.paguswinetours.com\/wp-content\/uploads\/IMG20240909160647-600x600.jpg 600w, https:\/\/www.paguswinetours.com\/wp-content\/uploads\/IMG20240909160647-100x100.jpg 100w, https:\/\/www.paguswinetours.com\/wp-content\/uploads\/IMG20240909160647-460x460.jpg 460w\" sizes=\"(max-width: 300px) 100vw, 300px\" \/><\/a><\/p>\n\n<p><span style=\"font-weight: 400\">Nonostante le problematiche appena illustrate e un calo in termini di quantit\u00e0 di raccolto rispetto al 2023, l\u2019ufficio tecnico del <a href=\"https:\/\/www.consorziovalpolicella.it\/\" target=\"_blank\" rel=\"noopener\">Consorzio Tutela Vini della Valpolicella<\/a> evidenzia che le uve mostrano una maturazione ideale, con un buon livello zuccherino e un\u2019acidit\u00e0 equilibrata, prefigurando vini di <strong>grande freschezza e qualit\u00e0<\/strong>. Possiamo dunque stare tranquilli che anche per l\u2019annata 2024 i produttori della Valpolicella ce la metteranno tutta per realizzare i nostri amati Amarone, Valpolicella, Ripasso e Recioto al massimo delle loro possibilit\u00e0, e noi continueremo a brindare con vini di alta qualit\u00e0.<\/span><\/p>\n<p><a href=\"https:\/\/www.paguswinetours.com\/wp-content\/uploads\/IMG202409261042143-scaled.jpg\"><img decoding=\"async\" class=\"aligncenter size-medium wp-image-11519\" src=\"https:\/\/www.paguswinetours.com\/wp-content\/uploads\/\/IMG202409261042143-300x300.jpg\" alt=\"\" width=\"300\" height=\"300\" srcset=\"https:\/\/www.paguswinetours.com\/wp-content\/uploads\/IMG202409261042143-300x300.jpg 300w, https:\/\/www.paguswinetours.com\/wp-content\/uploads\/IMG202409261042143-1024x1024.jpg 1024w, https:\/\/www.paguswinetours.com\/wp-content\/uploads\/IMG202409261042143-150x150.jpg 150w, https:\/\/www.paguswinetours.com\/wp-content\/uploads\/IMG202409261042143-768x768.jpg 768w, https:\/\/www.paguswinetours.com\/wp-content\/uploads\/IMG202409261042143-1536x1536.jpg 1536w, https:\/\/www.paguswinetours.com\/wp-content\/uploads\/IMG202409261042143-2048x2048.jpg 2048w, https:\/\/www.paguswinetours.com\/wp-content\/uploads\/IMG202409261042143-600x600.jpg 600w, https:\/\/www.paguswinetours.com\/wp-content\/uploads\/IMG202409261042143-100x100.jpg 100w, https:\/\/www.paguswinetours.com\/wp-content\/uploads\/IMG202409261042143-460x460.jpg 460w\" sizes=\"(max-width: 300px) 100vw, 300px\" \/><\/a><\/p>\n<p><span style=\"font-weight: 400\">Mentre aspettiamo di scoprire quali saranno effettivamente le sorti delle uve di quest\u2019anno, non perderti l\u2019occasione di diventare anche tu vignaiolo per un giorno, partecipando all\u2019evento di vendemmia che abbiamo organizzato per <strong>venerd\u00ec 4 ottobre<\/strong>. Sar\u00e0 l\u2019occasione per vivere una giornata tra le vigne, all\u2019insegna del divertimento e dei sapori del nostro territorio. Verifica tutti i dettagli e la disponibilit\u00e0 alla <\/span><strong><a href=\"https:\/\/www.paguswinetours.com\/events\/harvest-and-crush-the-grapes-in-valpolicella\/\" target=\"_blank\" rel=\"noopener\">pagina dedicata sul nostro sito<\/a><\/strong><span style=\"font-weight: 400\">!<\/span><\/p>\n","protected":false},"excerpt":{"rendered":"<p>Come ogni anno, Settembre in Valpolicella \u00e8 sinonimo di vendemmia. E\u2019 dunque ora di tirare le somme di un\u2019annata che potrebbe essere ricordata tra le pi\u00f9 complesse. Il 2024 \u00e8 stato interessato da grande instabilit\u00e0 meteorologica, che ancora una volta viene a metterci in allerta rispetto all\u2019evidente cambiamento climatico in atto. Aveva infatti preoccupato la [&hellip;]<\/p>\n","protected":false},"author":4,"featured_media":11515,"comment_status":"open","ping_status":"closed","sticky":false,"template":"","format":"standard","meta":{"_acf_changed":false,"footnotes":""},"categories":[106],"tags":[152,148,149,151,135,150],"class_list":["post-11518","post","type-post","status-publish","format-standard","has-post-thumbnail","hentry","category-notizie","tag-annata-2024","tag-harvest-it","tag-september-it","tag-settembre","tag-vendemmia","tag-vintage-2024-it"],"acf":[],"yoast_head":"<!-- This site is optimized with the Yoast SEO plugin v26.7 - https:\/\/yoast.com\/wordpress\/plugins\/seo\/ -->\n<title>Settembre, \u00e8 tempo di vendemmia - Pagus Wine Tours<\/title>\n<meta name=\"description\" content=\"Come ogni anno, Settembre in Valpolicella \u00e8 sinonimo di vendemmia. E\u2019 dunque ora di tirare le somme di un\u2019annata che potrebbe essere ricordata tra le pi\u00f9 complesse.\" \/>\n<meta name=\"robots\" content=\"index, follow, max-snippet:-1, max-image-preview:large, max-video-preview:-1\" \/>\n<link rel=\"canonical\" href=\"https:\/\/www.paguswinetours.com\/it\/blog\/settembre-e-tempo-di-vendemmia\/\" \/>\n<meta property=\"og:locale\" content=\"it_IT\" \/>\n<meta property=\"og:type\" content=\"article\" \/>\n<meta property=\"og:title\" content=\"Settembre, \u00e8 tempo di vendemmia\" \/>\n<meta property=\"og:description\" content=\"Come ogni anno, Settembre in Valpolicella \u00e8 sinonimo di vendemmia. E\u2019 dunque ora di tirare le somme di un\u2019annata che potrebbe essere ricordata tra le pi\u00f9 complesse.\" \/>\n<meta property=\"og:url\" content=\"https:\/\/www.paguswinetours.com\/it\/blog\/settembre-e-tempo-di-vendemmia\/\" \/>\n<meta property=\"og:site_name\" content=\"Pagus Wine Tours\" \/>\n<meta property=\"article:publisher\" content=\"https:\/\/www.facebook.com\/paguswinetours\/\" \/>\n<meta property=\"article:published_time\" content=\"2024-09-27T10:02:07+00:00\" \/>\n<meta property=\"og:image\" content=\"https:\/\/www.paguswinetours.com\/wp-content\/uploads\/IMG-20240926-WA0000-1.jpg\" \/>\n\t<meta property=\"og:image:width\" content=\"1200\" \/>\n\t<meta property=\"og:image:height\" content=\"1200\" \/>\n\t<meta property=\"og:image:type\" content=\"image\/jpeg\" \/>\n<meta name=\"author\" content=\"Pagus Tours\" \/>\n<meta name=\"twitter:card\" content=\"summary_large_image\" \/>\n<meta name=\"twitter:label1\" content=\"Scritto da\" \/>\n\t<meta name=\"twitter:data1\" content=\"Pagus Tours\" \/>\n\t<meta name=\"twitter:label2\" content=\"Tempo di lettura stimato\" \/>\n\t<meta name=\"twitter:data2\" content=\"3 minuti\" \/>\n<script type=\"application\/ld+json\" class=\"yoast-schema-graph\">{\"@context\":\"https:\/\/schema.org\",\"@graph\":[{\"@type\":\"Article\",\"@id\":\"https:\/\/www.paguswinetours.com\/it\/blog\/settembre-e-tempo-di-vendemmia\/#article\",\"isPartOf\":{\"@id\":\"https:\/\/www.paguswinetours.com\/it\/blog\/settembre-e-tempo-di-vendemmia\/\"},\"author\":{\"name\":\"Pagus Tours\",\"@id\":\"https:\/\/www.paguswinetours.com\/it\/#\/schema\/person\/96bc828386caeb88813eeb626ac81d95\"},\"headline\":\"Settembre, \u00e8 tempo di vendemmia\",\"datePublished\":\"2024-09-27T10:02:07+00:00\",\"mainEntityOfPage\":{\"@id\":\"https:\/\/www.paguswinetours.com\/it\/blog\/settembre-e-tempo-di-vendemmia\/\"},\"wordCount\":378,\"commentCount\":0,\"publisher\":{\"@id\":\"https:\/\/www.paguswinetours.com\/it\/#organization\"},\"image\":{\"@id\":\"https:\/\/www.paguswinetours.com\/it\/blog\/settembre-e-tempo-di-vendemmia\/#primaryimage\"},\"thumbnailUrl\":\"https:\/\/www.paguswinetours.com\/wp-content\/uploads\/IMG-20240926-WA0000-1.jpg\",\"keywords\":[\"annata 2024\",\"harvest\",\"september\",\"settembre\",\"vendemmia\",\"vintage 2024\"],\"articleSection\":[\"Notizie\"],\"inLanguage\":\"it-IT\",\"potentialAction\":[{\"@type\":\"CommentAction\",\"name\":\"Comment\",\"target\":[\"https:\/\/www.paguswinetours.com\/it\/blog\/settembre-e-tempo-di-vendemmia\/#respond\"]}]},{\"@type\":\"WebPage\",\"@id\":\"https:\/\/www.paguswinetours.com\/it\/blog\/settembre-e-tempo-di-vendemmia\/\",\"url\":\"https:\/\/www.paguswinetours.com\/it\/blog\/settembre-e-tempo-di-vendemmia\/\",\"name\":\"Settembre, \u00e8 tempo di vendemmia - Pagus Wine Tours\",\"isPartOf\":{\"@id\":\"https:\/\/www.paguswinetours.com\/it\/#website\"},\"primaryImageOfPage\":{\"@id\":\"https:\/\/www.paguswinetours.com\/it\/blog\/settembre-e-tempo-di-vendemmia\/#primaryimage\"},\"image\":{\"@id\":\"https:\/\/www.paguswinetours.com\/it\/blog\/settembre-e-tempo-di-vendemmia\/#primaryimage\"},\"thumbnailUrl\":\"https:\/\/www.paguswinetours.com\/wp-content\/uploads\/IMG-20240926-WA0000-1.jpg\",\"datePublished\":\"2024-09-27T10:02:07+00:00\",\"description\":\"Come ogni anno, Settembre in Valpolicella \u00e8 sinonimo di vendemmia. E\u2019 dunque ora di tirare le somme di un\u2019annata che potrebbe essere ricordata tra le pi\u00f9 complesse.\",\"breadcrumb\":{\"@id\":\"https:\/\/www.paguswinetours.com\/it\/blog\/settembre-e-tempo-di-vendemmia\/#breadcrumb\"},\"inLanguage\":\"it-IT\",\"potentialAction\":[{\"@type\":\"ReadAction\",\"target\":[\"https:\/\/www.paguswinetours.com\/it\/blog\/settembre-e-tempo-di-vendemmia\/\"]}]},{\"@type\":\"ImageObject\",\"inLanguage\":\"it-IT\",\"@id\":\"https:\/\/www.paguswinetours.com\/it\/blog\/settembre-e-tempo-di-vendemmia\/#primaryimage\",\"url\":\"https:\/\/www.paguswinetours.com\/wp-content\/uploads\/IMG-20240926-WA0000-1.jpg\",\"contentUrl\":\"https:\/\/www.paguswinetours.com\/wp-content\/uploads\/IMG-20240926-WA0000-1.jpg\",\"width\":1200,\"height\":1200,\"caption\":\"harvest 2024\"},{\"@type\":\"BreadcrumbList\",\"@id\":\"https:\/\/www.paguswinetours.com\/it\/blog\/settembre-e-tempo-di-vendemmia\/#breadcrumb\",\"itemListElement\":[{\"@type\":\"ListItem\",\"position\":1,\"name\":\"Home\",\"item\":\"https:\/\/www.paguswinetours.com\/it\/\"},{\"@type\":\"ListItem\",\"position\":2,\"name\":\"Settembre, \u00e8 tempo di vendemmia\"}]},{\"@type\":\"WebSite\",\"@id\":\"https:\/\/www.paguswinetours.com\/it\/#website\",\"url\":\"https:\/\/www.paguswinetours.com\/it\/\",\"name\":\"Pagus Wine Tours\",\"description\":\"\",\"publisher\":{\"@id\":\"https:\/\/www.paguswinetours.com\/it\/#organization\"},\"potentialAction\":[{\"@type\":\"SearchAction\",\"target\":{\"@type\":\"EntryPoint\",\"urlTemplate\":\"https:\/\/www.paguswinetours.com\/it\/?s={search_term_string}\"},\"query-input\":{\"@type\":\"PropertyValueSpecification\",\"valueRequired\":true,\"valueName\":\"search_term_string\"}}],\"inLanguage\":\"it-IT\"},{\"@type\":\"Organization\",\"@id\":\"https:\/\/www.paguswinetours.com\/it\/#organization\",\"name\":\"Pagus Wine Tours\",\"url\":\"https:\/\/www.paguswinetours.com\/it\/\",\"logo\":{\"@type\":\"ImageObject\",\"inLanguage\":\"it-IT\",\"@id\":\"https:\/\/www.paguswinetours.com\/it\/#\/schema\/logo\/image\/\",\"url\":\"https:\/\/www.paguswinetours.com\/wp-content\/uploads\/logo-2-1.png\",\"contentUrl\":\"https:\/\/www.paguswinetours.com\/wp-content\/uploads\/logo-2-1.png\",\"width\":1172,\"height\":364,\"caption\":\"Pagus Wine Tours\"},\"image\":{\"@id\":\"https:\/\/www.paguswinetours.com\/it\/#\/schema\/logo\/image\/\"},\"sameAs\":[\"https:\/\/www.facebook.com\/paguswinetours\/\",\"https:\/\/www.instagram.com\/paguswinetours\/\",\"https:\/\/www.youtube.com\/channel\/UCMuOOU3pfYQT2zysLFm2u8g\"]},{\"@type\":\"Person\",\"@id\":\"https:\/\/www.paguswinetours.com\/it\/#\/schema\/person\/96bc828386caeb88813eeb626ac81d95\",\"name\":\"Pagus Tours\",\"image\":{\"@type\":\"ImageObject\",\"inLanguage\":\"it-IT\",\"@id\":\"https:\/\/www.paguswinetours.com\/it\/#\/schema\/person\/image\/\",\"url\":\"https:\/\/secure.gravatar.com\/avatar\/fb99d2ab96fdea8a858087baf478b4a28eb25f6453f7204c280235e1b2a09dc0?s=96&d=mm&r=g\",\"contentUrl\":\"https:\/\/secure.gravatar.com\/avatar\/fb99d2ab96fdea8a858087baf478b4a28eb25f6453f7204c280235e1b2a09dc0?s=96&d=mm&r=g\",\"caption\":\"Pagus Tours\"}}]}<\/script>\n<!-- \/ Yoast SEO plugin. -->","yoast_head_json":{"title":"Settembre, \u00e8 tempo di vendemmia - Pagus Wine Tours","description":"Come ogni anno, Settembre in Valpolicella \u00e8 sinonimo di vendemmia. E\u2019 dunque ora di tirare le somme di un\u2019annata che potrebbe essere ricordata tra le pi\u00f9 complesse.","robots":{"index":"index","follow":"follow","max-snippet":"max-snippet:-1","max-image-preview":"max-image-preview:large","max-video-preview":"max-video-preview:-1"},"canonical":"https:\/\/www.paguswinetours.com\/it\/blog\/settembre-e-tempo-di-vendemmia\/","og_locale":"it_IT","og_type":"article","og_title":"Settembre, \u00e8 tempo di vendemmia","og_description":"Come ogni anno, Settembre in Valpolicella \u00e8 sinonimo di vendemmia. E\u2019 dunque ora di tirare le somme di un\u2019annata che potrebbe essere ricordata tra le pi\u00f9 complesse.","og_url":"https:\/\/www.paguswinetours.com\/it\/blog\/settembre-e-tempo-di-vendemmia\/","og_site_name":"Pagus Wine Tours","article_publisher":"https:\/\/www.facebook.com\/paguswinetours\/","article_published_time":"2024-09-27T10:02:07+00:00","og_image":[{"width":1200,"height":1200,"url":"https:\/\/www.paguswinetours.com\/wp-content\/uploads\/IMG-20240926-WA0000-1.jpg","type":"image\/jpeg"}],"author":"Pagus Tours","twitter_card":"summary_large_image","twitter_misc":{"Scritto da":"Pagus Tours","Tempo di lettura stimato":"3 minuti"},"schema":{"@context":"https:\/\/schema.org","@graph":[{"@type":"Article","@id":"https:\/\/www.paguswinetours.com\/it\/blog\/settembre-e-tempo-di-vendemmia\/#article","isPartOf":{"@id":"https:\/\/www.paguswinetours.com\/it\/blog\/settembre-e-tempo-di-vendemmia\/"},"author":{"name":"Pagus Tours","@id":"https:\/\/www.paguswinetours.com\/it\/#\/schema\/person\/96bc828386caeb88813eeb626ac81d95"},"headline":"Settembre, \u00e8 tempo di vendemmia","datePublished":"2024-09-27T10:02:07+00:00","mainEntityOfPage":{"@id":"https:\/\/www.paguswinetours.com\/it\/blog\/settembre-e-tempo-di-vendemmia\/"},"wordCount":378,"commentCount":0,"publisher":{"@id":"https:\/\/www.paguswinetours.com\/it\/#organization"},"image":{"@id":"https:\/\/www.paguswinetours.com\/it\/blog\/settembre-e-tempo-di-vendemmia\/#primaryimage"},"thumbnailUrl":"https:\/\/www.paguswinetours.com\/wp-content\/uploads\/IMG-20240926-WA0000-1.jpg","keywords":["annata 2024","harvest","september","settembre","vendemmia","vintage 2024"],"articleSection":["Notizie"],"inLanguage":"it-IT","potentialAction":[{"@type":"CommentAction","name":"Comment","target":["https:\/\/www.paguswinetours.com\/it\/blog\/settembre-e-tempo-di-vendemmia\/#respond"]}]},{"@type":"WebPage","@id":"https:\/\/www.paguswinetours.com\/it\/blog\/settembre-e-tempo-di-vendemmia\/","url":"https:\/\/www.paguswinetours.com\/it\/blog\/settembre-e-tempo-di-vendemmia\/","name":"Settembre, \u00e8 tempo di vendemmia - Pagus Wine Tours","isPartOf":{"@id":"https:\/\/www.paguswinetours.com\/it\/#website"},"primaryImageOfPage":{"@id":"https:\/\/www.paguswinetours.com\/it\/blog\/settembre-e-tempo-di-vendemmia\/#primaryimage"},"image":{"@id":"https:\/\/www.paguswinetours.com\/it\/blog\/settembre-e-tempo-di-vendemmia\/#primaryimage"},"thumbnailUrl":"https:\/\/www.paguswinetours.com\/wp-content\/uploads\/IMG-20240926-WA0000-1.jpg","datePublished":"2024-09-27T10:02:07+00:00","description":"Come ogni anno, Settembre in Valpolicella \u00e8 sinonimo di vendemmia. E\u2019 dunque ora di tirare le somme di un\u2019annata che potrebbe essere ricordata tra le pi\u00f9 complesse.","breadcrumb":{"@id":"https:\/\/www.paguswinetours.com\/it\/blog\/settembre-e-tempo-di-vendemmia\/#breadcrumb"},"inLanguage":"it-IT","potentialAction":[{"@type":"ReadAction","target":["https:\/\/www.paguswinetours.com\/it\/blog\/settembre-e-tempo-di-vendemmia\/"]}]},{"@type":"ImageObject","inLanguage":"it-IT","@id":"https:\/\/www.paguswinetours.com\/it\/blog\/settembre-e-tempo-di-vendemmia\/#primaryimage","url":"https:\/\/www.paguswinetours.com\/wp-content\/uploads\/IMG-20240926-WA0000-1.jpg","contentUrl":"https:\/\/www.paguswinetours.com\/wp-content\/uploads\/IMG-20240926-WA0000-1.jpg","width":1200,"height":1200,"caption":"harvest 2024"},{"@type":"BreadcrumbList","@id":"https:\/\/www.paguswinetours.com\/it\/blog\/settembre-e-tempo-di-vendemmia\/#breadcrumb","itemListElement":[{"@type":"ListItem","position":1,"name":"Home","item":"https:\/\/www.paguswinetours.com\/it\/"},{"@type":"ListItem","position":2,"name":"Settembre, \u00e8 tempo di vendemmia"}]},{"@type":"WebSite","@id":"https:\/\/www.paguswinetours.com\/it\/#website","url":"https:\/\/www.paguswinetours.com\/it\/","name":"Pagus Wine Tours","description":"","publisher":{"@id":"https:\/\/www.paguswinetours.com\/it\/#organization"},"potentialAction":[{"@type":"SearchAction","target":{"@type":"EntryPoint","urlTemplate":"https:\/\/www.paguswinetours.com\/it\/?s={search_term_string}"},"query-input":{"@type":"PropertyValueSpecification","valueRequired":true,"valueName":"search_term_string"}}],"inLanguage":"it-IT"},{"@type":"Organization","@id":"https:\/\/www.paguswinetours.com\/it\/#organization","name":"Pagus Wine Tours","url":"https:\/\/www.paguswinetours.com\/it\/","logo":{"@type":"ImageObject","inLanguage":"it-IT","@id":"https:\/\/www.paguswinetours.com\/it\/#\/schema\/logo\/image\/","url":"https:\/\/www.paguswinetours.com\/wp-content\/uploads\/logo-2-1.png","contentUrl":"https:\/\/www.paguswinetours.com\/wp-content\/uploads\/logo-2-1.png","width":1172,"height":364,"caption":"Pagus Wine Tours"},"image":{"@id":"https:\/\/www.paguswinetours.com\/it\/#\/schema\/logo\/image\/"},"sameAs":["https:\/\/www.facebook.com\/paguswinetours\/","https:\/\/www.instagram.com\/paguswinetours\/","https:\/\/www.youtube.com\/channel\/UCMuOOU3pfYQT2zysLFm2u8g"]},{"@type":"Person","@id":"https:\/\/www.paguswinetours.com\/it\/#\/schema\/person\/96bc828386caeb88813eeb626ac81d95","name":"Pagus Tours","image":{"@type":"ImageObject","inLanguage":"it-IT","@id":"https:\/\/www.paguswinetours.com\/it\/#\/schema\/person\/image\/","url":"https:\/\/secure.gravatar.com\/avatar\/fb99d2ab96fdea8a858087baf478b4a28eb25f6453f7204c280235e1b2a09dc0?s=96&d=mm&r=g","contentUrl":"https:\/\/secure.gravatar.com\/avatar\/fb99d2ab96fdea8a858087baf478b4a28eb25f6453f7204c280235e1b2a09dc0?s=96&d=mm&r=g","caption":"Pagus Tours"}}]}},"_links":{"self":[{"href":"https:\/\/www.paguswinetours.com\/it\/wp-json\/wp\/v2\/posts\/11518","targetHints":{"allow":["GET"]}}],"collection":[{"href":"https:\/\/www.paguswinetours.com\/it\/wp-json\/wp\/v2\/posts"}],"about":[{"href":"https:\/\/www.paguswinetours.com\/it\/wp-json\/wp\/v2\/types\/post"}],"author":[{"embeddable":true,"href":"https:\/\/www.paguswinetours.com\/it\/wp-json\/wp\/v2\/users\/4"}],"replies":[{"embeddable":true,"href":"https:\/\/www.paguswinetours.com\/it\/wp-json\/wp\/v2\/comments?post=11518"}],"version-history":[{"count":3,"href":"https:\/\/www.paguswinetours.com\/it\/wp-json\/wp\/v2\/posts\/11518\/revisions"}],"predecessor-version":[{"id":11527,"href":"https:\/\/www.paguswinetours.com\/it\/wp-json\/wp\/v2\/posts\/11518\/revisions\/11527"}],"wp:featuredmedia":[{"embeddable":true,"href":"https:\/\/www.paguswinetours.com\/it\/wp-json\/wp\/v2\/media\/11515"}],"wp:attachment":[{"href":"https:\/\/www.paguswinetours.com\/it\/wp-json\/wp\/v2\/media?parent=11518"}],"wp:term":[{"taxonomy":"category","embeddable":true,"href":"https:\/\/www.paguswinetours.com\/it\/wp-json\/wp\/v2\/categories?post=11518"},{"taxonomy":"post_tag","embeddable":true,"href":"https:\/\/www.paguswinetours.com\/it\/wp-json\/wp\/v2\/tags?post=11518"}],"curies":[{"name":"wp","href":"https:\/\/api.w.org\/{rel}","templated":true}]}}